{"id":1402,"date":"2022-03-10T10:13:39","date_gmt":"2022-03-10T10:13:39","guid":{"rendered":"https:\/\/xn--memoriademocraticadepearroyapueblonuevo-1yd.es\/?p=1402"},"modified":"2022-05-09T08:49:28","modified_gmt":"2022-05-09T08:49:28","slug":"galeria-restos-de-la-guerra-jose-manuel-castano","status":"publish","type":"post","link":"https:\/\/xn--memoriademocraticadepearroyapueblonuevo-1yd.es\/index.php\/2022\/03\/10\/galeria-restos-de-la-guerra-jose-manuel-castano\/","title":{"rendered":"Galeria restos de la guerra &#8211; Jose Manuel Casta\u00f1o"},"content":{"rendered":"\n<figure class=\"wp-block-gallery has-nested-images columns-default is-cropped wp-block-gallery-1 is-layout-flex wp-block-gallery-is-layout-flex\">\n<figure class=\"wp-block-image size-large\"><img loading=\"lazy\" decoding=\"async\" width=\"1024\" height=\"690\" data-id=\"1404\" src=\"https:\/\/xn--memoriademocraticadepearroyapueblonuevo-1yd.es\/wp-content\/uploads\/2022\/03\/125040152_2813925652184933_5574758738313961074_n-1024x690.jpg\" alt=\"\" class=\"wp-image-1404\" srcset=\"https:\/\/xn--memoriademocraticadepearroyapueblonuevo-1yd.es\/wp-content\/uploads\/2022\/03\/125040152_2813925652184933_5574758738313961074_n-1024x690.jpg 1024w, https:\/\/xn--memoriademocraticadepearroyapueblonuevo-1yd.es\/wp-content\/uploads\/2022\/03\/125040152_2813925652184933_5574758738313961074_n-300x202.jpg 300w, https:\/\/xn--memoriademocraticadepearroyapueblonuevo-1yd.es\/wp-content\/uploads\/2022\/03\/125040152_2813925652184933_5574758738313961074_n-768x518.jpg 768w, https:\/\/xn--memoriademocraticadepearroyapueblonuevo-1yd.es\/wp-content\/uploads\/2022\/03\/125040152_2813925652184933_5574758738313961074_n-370x249.jpg 370w, https:\/\/xn--memoriademocraticadepearroyapueblonuevo-1yd.es\/wp-content\/uploads\/2022\/03\/125040152_2813925652184933_5574758738313961074_n-760x512.jpg 760w, https:\/\/xn--memoriademocraticadepearroyapueblonuevo-1yd.es\/wp-content\/uploads\/2022\/03\/125040152_2813925652184933_5574758738313961074_n.jpg 1304w\" sizes=\"auto, (max-width: 1024px) 100vw, 1024px\" \/><\/figure>\n\n\n\n<figure class=\"wp-block-image size-large\"><img loading=\"lazy\" decoding=\"async\" width=\"1024\" height=\"690\" data-id=\"1405\" src=\"https:\/\/xn--memoriademocraticadepearroyapueblonuevo-1yd.es\/wp-content\/uploads\/2022\/03\/125064531_2813925595518272_5686189962397462360_n-1024x690.jpg\" alt=\"\" class=\"wp-image-1405\" srcset=\"https:\/\/xn--memoriademocraticadepearroyapueblonuevo-1yd.es\/wp-content\/uploads\/2022\/03\/125064531_2813925595518272_5686189962397462360_n-1024x690.jpg 1024w, https:\/\/xn--memoriademocraticadepearroyapueblonuevo-1yd.es\/wp-content\/uploads\/2022\/03\/125064531_2813925595518272_5686189962397462360_n-300x202.jpg 300w, https:\/\/xn--memoriademocraticadepearroyapueblonuevo-1yd.es\/wp-content\/uploads\/2022\/03\/125064531_2813925595518272_5686189962397462360_n-768x518.jpg 768w, https:\/\/xn--memoriademocraticadepearroyapueblonuevo-1yd.es\/wp-content\/uploads\/2022\/03\/125064531_2813925595518272_5686189962397462360_n-370x249.jpg 370w, https:\/\/xn--memoriademocraticadepearroyapueblonuevo-1yd.es\/wp-content\/uploads\/2022\/03\/125064531_2813925595518272_5686189962397462360_n-760x512.jpg 760w, https:\/\/xn--memoriademocraticadepearroyapueblonuevo-1yd.es\/wp-content\/uploads\/2022\/03\/125064531_2813925595518272_5686189962397462360_n.jpg 1304w\" sizes=\"auto, (max-width: 1024px) 100vw, 1024px\" \/><\/figure>\n\n\n\n<figure class=\"wp-block-image size-large\"><img loading=\"lazy\" decoding=\"async\" width=\"1024\" height=\"688\" data-id=\"1407\" src=\"https:\/\/xn--memoriademocraticadepearroyapueblonuevo-1yd.es\/wp-content\/uploads\/2022\/03\/127770552_2826372744273557_5356218809933435442_n-1024x688.jpg\" alt=\"\" class=\"wp-image-1407\" srcset=\"https:\/\/xn--memoriademocraticadepearroyapueblonuevo-1yd.es\/wp-content\/uploads\/2022\/03\/127770552_2826372744273557_5356218809933435442_n-1024x688.jpg 1024w, https:\/\/xn--memoriademocraticadepearroyapueblonuevo-1yd.es\/wp-content\/uploads\/2022\/03\/127770552_2826372744273557_5356218809933435442_n-300x201.jpg 300w, https:\/\/xn--memoriademocraticadepearroyapueblonuevo-1yd.es\/wp-content\/uploads\/2022\/03\/127770552_2826372744273557_5356218809933435442_n-768x516.jpg 768w, https:\/\/xn--memoriademocraticadepearroyapueblonuevo-1yd.es\/wp-content\/uploads\/2022\/03\/127770552_2826372744273557_5356218809933435442_n-370x248.jpg 370w, https:\/\/xn--memoriademocraticadepearroyapueblonuevo-1yd.es\/wp-content\/uploads\/2022\/03\/127770552_2826372744273557_5356218809933435442_n-760x510.jpg 760w, https:\/\/xn--memoriademocraticadepearroyapueblonuevo-1yd.es\/wp-content\/uploads\/2022\/03\/127770552_2826372744273557_5356218809933435442_n.jpg 1297w\" sizes=\"auto, (max-width: 1024px) 100vw, 1024px\" \/><\/figure>\n\n\n\n<figure class=\"wp-block-image size-large\"><img loading=\"lazy\" decoding=\"async\" width=\"1024\" height=\"688\" data-id=\"1403\" src=\"https:\/\/xn--memoriademocraticadepearroyapueblonuevo-1yd.es\/wp-content\/uploads\/2022\/03\/127853389_2826372747606890_6161889932020323694_n-1024x688.jpg\" alt=\"\" class=\"wp-image-1403\" srcset=\"https:\/\/xn--memoriademocraticadepearroyapueblonuevo-1yd.es\/wp-content\/uploads\/2022\/03\/127853389_2826372747606890_6161889932020323694_n-1024x688.jpg 1024w, https:\/\/xn--memoriademocraticadepearroyapueblonuevo-1yd.es\/wp-content\/uploads\/2022\/03\/127853389_2826372747606890_6161889932020323694_n-300x201.jpg 300w, https:\/\/xn--memoriademocraticadepearroyapueblonuevo-1yd.es\/wp-content\/uploads\/2022\/03\/127853389_2826372747606890_6161889932020323694_n-768x516.jpg 768w, https:\/\/xn--memoriademocraticadepearroyapueblonuevo-1yd.es\/wp-content\/uploads\/2022\/03\/127853389_2826372747606890_6161889932020323694_n-370x248.jpg 370w, https:\/\/xn--memoriademocraticadepearroyapueblonuevo-1yd.es\/wp-content\/uploads\/2022\/03\/127853389_2826372747606890_6161889932020323694_n-760x510.jpg 760w, https:\/\/xn--memoriademocraticadepearroyapueblonuevo-1yd.es\/wp-content\/uploads\/2022\/03\/127853389_2826372747606890_6161889932020323694_n.jpg 1297w\" sizes=\"auto, (max-width: 1024px) 100vw, 1024px\" \/><\/figure>\n\n\n\n<figure class=\"wp-block-image size-large\"><img loading=\"lazy\" decoding=\"async\" width=\"1024\" height=\"688\" data-id=\"1406\" src=\"https:\/\/xn--memoriademocraticadepearroyapueblonuevo-1yd.es\/wp-content\/uploads\/2022\/03\/129457801_2832866516957513_673589916469783865_n-1024x688.jpg\" alt=\"\" class=\"wp-image-1406\" srcset=\"https:\/\/xn--memoriademocraticadepearroyapueblonuevo-1yd.es\/wp-content\/uploads\/2022\/03\/129457801_2832866516957513_673589916469783865_n-1024x688.jpg 1024w, https:\/\/xn--memoriademocraticadepearroyapueblonuevo-1yd.es\/wp-content\/uploads\/2022\/03\/129457801_2832866516957513_673589916469783865_n-300x201.jpg 300w, https:\/\/xn--memoriademocraticadepearroyapueblonuevo-1yd.es\/wp-content\/uploads\/2022\/03\/129457801_2832866516957513_673589916469783865_n-768x516.jpg 768w, https:\/\/xn--memoriademocraticadepearroyapueblonuevo-1yd.es\/wp-content\/uploads\/2022\/03\/129457801_2832866516957513_673589916469783865_n-370x248.jpg 370w, https:\/\/xn--memoriademocraticadepearroyapueblonuevo-1yd.es\/wp-content\/uploads\/2022\/03\/129457801_2832866516957513_673589916469783865_n-760x510.jpg 760w, https:\/\/xn--memoriademocraticadepearroyapueblonuevo-1yd.es\/wp-content\/uploads\/2022\/03\/129457801_2832866516957513_673589916469783865_n.jpg 1297w\" sizes=\"auto, (max-width: 1024px) 100vw, 1024px\" \/><\/figure>\n\n\n\n<figure class=\"wp-block-image size-large\"><img loading=\"lazy\" decoding=\"async\" width=\"1024\" height=\"688\" data-id=\"1408\" src=\"https:\/\/xn--memoriademocraticadepearroyapueblonuevo-1yd.es\/wp-content\/uploads\/2022\/03\/129544747_2832866313624200_5824122776057147071_n-1024x688.jpg\" alt=\"\" class=\"wp-image-1408\" srcset=\"https:\/\/xn--memoriademocraticadepearroyapueblonuevo-1yd.es\/wp-content\/uploads\/2022\/03\/129544747_2832866313624200_5824122776057147071_n-1024x688.jpg 1024w, https:\/\/xn--memoriademocraticadepearroyapueblonuevo-1yd.es\/wp-content\/uploads\/2022\/03\/129544747_2832866313624200_5824122776057147071_n-300x201.jpg 300w, https:\/\/xn--memoriademocraticadepearroyapueblonuevo-1yd.es\/wp-content\/uploads\/2022\/03\/129544747_2832866313624200_5824122776057147071_n-768x516.jpg 768w, https:\/\/xn--memoriademocraticadepearroyapueblonuevo-1yd.es\/wp-content\/uploads\/2022\/03\/129544747_2832866313624200_5824122776057147071_n-370x248.jpg 370w, https:\/\/xn--memoriademocraticadepearroyapueblonuevo-1yd.es\/wp-content\/uploads\/2022\/03\/129544747_2832866313624200_5824122776057147071_n-760x510.jpg 760w, https:\/\/xn--memoriademocraticadepearroyapueblonuevo-1yd.es\/wp-content\/uploads\/2022\/03\/129544747_2832866313624200_5824122776057147071_n.jpg 1297w\" sizes=\"auto, (max-width: 1024px) 100vw, 1024px\" \/><\/figure>\n\n\n\n<figure class=\"wp-block-image size-large\"><img loading=\"lazy\" decoding=\"async\" width=\"1024\" height=\"688\" data-id=\"1409\" src=\"https:\/\/xn--memoriademocraticadepearroyapueblonuevo-1yd.es\/wp-content\/uploads\/2022\/03\/129577393_2832866456957519_1794036166349258150_n-1024x688.jpg\" alt=\"\" class=\"wp-image-1409\" srcset=\"https:\/\/xn--memoriademocraticadepearroyapueblonuevo-1yd.es\/wp-content\/uploads\/2022\/03\/129577393_2832866456957519_1794036166349258150_n-1024x688.jpg 1024w, https:\/\/xn--memoriademocraticadepearroyapueblonuevo-1yd.es\/wp-content\/uploads\/2022\/03\/129577393_2832866456957519_1794036166349258150_n-300x201.jpg 300w, https:\/\/xn--memoriademocraticadepearroyapueblonuevo-1yd.es\/wp-content\/uploads\/2022\/03\/129577393_2832866456957519_1794036166349258150_n-768x516.jpg 768w, https:\/\/xn--memoriademocraticadepearroyapueblonuevo-1yd.es\/wp-content\/uploads\/2022\/03\/129577393_2832866456957519_1794036166349258150_n-370x248.jpg 370w, https:\/\/xn--memoriademocraticadepearroyapueblonuevo-1yd.es\/wp-content\/uploads\/2022\/03\/129577393_2832866456957519_1794036166349258150_n-760x510.jpg 760w, https:\/\/xn--memoriademocraticadepearroyapueblonuevo-1yd.es\/wp-content\/uploads\/2022\/03\/129577393_2832866456957519_1794036166349258150_n.jpg 1297w\" sizes=\"auto, (max-width: 1024px) 100vw, 1024px\" \/><\/figure>\n\n\n\n<figure class=\"wp-block-image size-large\"><img loading=\"lazy\" decoding=\"async\" width=\"1024\" height=\"688\" data-id=\"1410\" src=\"https:\/\/xn--memoriademocraticadepearroyapueblonuevo-1yd.es\/wp-content\/uploads\/2022\/03\/129585096_2832866933624138_984183140434567044_n-1024x688.jpg\" alt=\"\" class=\"wp-image-1410\" srcset=\"https:\/\/xn--memoriademocraticadepearroyapueblonuevo-1yd.es\/wp-content\/uploads\/2022\/03\/129585096_2832866933624138_984183140434567044_n-1024x688.jpg 1024w, https:\/\/xn--memoriademocraticadepearroyapueblonuevo-1yd.es\/wp-content\/uploads\/2022\/03\/129585096_2832866933624138_984183140434567044_n-300x201.jpg 300w, https:\/\/xn--memoriademocraticadepearroyapueblonuevo-1yd.es\/wp-content\/uploads\/2022\/03\/129585096_2832866933624138_984183140434567044_n-768x516.jpg 768w, https:\/\/xn--memoriademocraticadepearroyapueblonuevo-1yd.es\/wp-content\/uploads\/2022\/03\/129585096_2832866933624138_984183140434567044_n-370x248.jpg 370w, https:\/\/xn--memoriademocraticadepearroyapueblonuevo-1yd.es\/wp-content\/uploads\/2022\/03\/129585096_2832866933624138_984183140434567044_n-760x510.jpg 760w, https:\/\/xn--memoriademocraticadepearroyapueblonuevo-1yd.es\/wp-content\/uploads\/2022\/03\/129585096_2832866933624138_984183140434567044_n.jpg 1297w\" sizes=\"auto, (max-width: 1024px) 100vw, 1024px\" \/><\/figure>\n\n\n\n<figure class=\"wp-block-image size-large\"><img loading=\"lazy\" decoding=\"async\" width=\"1024\" height=\"688\" data-id=\"1413\" src=\"https:\/\/xn--memoriademocraticadepearroyapueblonuevo-1yd.es\/wp-content\/uploads\/2022\/03\/129600368_2832866630290835_29836674620343628_n-1024x688.jpg\" alt=\"\" class=\"wp-image-1413\" srcset=\"https:\/\/xn--memoriademocraticadepearroyapueblonuevo-1yd.es\/wp-content\/uploads\/2022\/03\/129600368_2832866630290835_29836674620343628_n-1024x688.jpg 1024w, https:\/\/xn--memoriademocraticadepearroyapueblonuevo-1yd.es\/wp-content\/uploads\/2022\/03\/129600368_2832866630290835_29836674620343628_n-300x201.jpg 300w, https:\/\/xn--memoriademocraticadepearroyapueblonuevo-1yd.es\/wp-content\/uploads\/2022\/03\/129600368_2832866630290835_29836674620343628_n-768x516.jpg 768w, https:\/\/xn--memoriademocraticadepearroyapueblonuevo-1yd.es\/wp-content\/uploads\/2022\/03\/129600368_2832866630290835_29836674620343628_n-370x248.jpg 370w, https:\/\/xn--memoriademocraticadepearroyapueblonuevo-1yd.es\/wp-content\/uploads\/2022\/03\/129600368_2832866630290835_29836674620343628_n-760x510.jpg 760w, https:\/\/xn--memoriademocraticadepearroyapueblonuevo-1yd.es\/wp-content\/uploads\/2022\/03\/129600368_2832866630290835_29836674620343628_n.jpg 1297w\" sizes=\"auto, (max-width: 1024px) 100vw, 1024px\" \/><\/figure>\n\n\n\n<figure class=\"wp-block-image size-large\"><img loading=\"lazy\" decoding=\"async\" width=\"1024\" height=\"688\" data-id=\"1411\" src=\"https:\/\/xn--memoriademocraticadepearroyapueblonuevo-1yd.es\/wp-content\/uploads\/2022\/03\/129624663_2832866366957528_7703565245488704180_n-1024x688.jpg\" alt=\"\" class=\"wp-image-1411\" srcset=\"https:\/\/xn--memoriademocraticadepearroyapueblonuevo-1yd.es\/wp-content\/uploads\/2022\/03\/129624663_2832866366957528_7703565245488704180_n-1024x688.jpg 1024w, https:\/\/xn--memoriademocraticadepearroyapueblonuevo-1yd.es\/wp-content\/uploads\/2022\/03\/129624663_2832866366957528_7703565245488704180_n-300x201.jpg 300w, https:\/\/xn--memoriademocraticadepearroyapueblonuevo-1yd.es\/wp-content\/uploads\/2022\/03\/129624663_2832866366957528_7703565245488704180_n-768x516.jpg 768w, https:\/\/xn--memoriademocraticadepearroyapueblonuevo-1yd.es\/wp-content\/uploads\/2022\/03\/129624663_2832866366957528_7703565245488704180_n-370x248.jpg 370w, https:\/\/xn--memoriademocraticadepearroyapueblonuevo-1yd.es\/wp-content\/uploads\/2022\/03\/129624663_2832866366957528_7703565245488704180_n-760x510.jpg 760w, https:\/\/xn--memoriademocraticadepearroyapueblonuevo-1yd.es\/wp-content\/uploads\/2022\/03\/129624663_2832866366957528_7703565245488704180_n.jpg 1297w\" sizes=\"auto, (max-width: 1024px) 100vw, 1024px\" \/><\/figure>\n\n\n\n<figure class=\"wp-block-image size-large\"><img loading=\"lazy\" decoding=\"async\" width=\"1024\" height=\"688\" data-id=\"1414\" src=\"https:\/\/xn--memoriademocraticadepearroyapueblonuevo-1yd.es\/wp-content\/uploads\/2022\/03\/129634036_2832866813624150_1909800708736095592_n-1024x688.jpg\" alt=\"\" class=\"wp-image-1414\" srcset=\"https:\/\/xn--memoriademocraticadepearroyapueblonuevo-1yd.es\/wp-content\/uploads\/2022\/03\/129634036_2832866813624150_1909800708736095592_n-1024x688.jpg 1024w, https:\/\/xn--memoriademocraticadepearroyapueblonuevo-1yd.es\/wp-content\/uploads\/2022\/03\/129634036_2832866813624150_1909800708736095592_n-300x201.jpg 300w, https:\/\/xn--memoriademocraticadepearroyapueblonuevo-1yd.es\/wp-content\/uploads\/2022\/03\/129634036_2832866813624150_1909800708736095592_n-768x516.jpg 768w, https:\/\/xn--memoriademocraticadepearroyapueblonuevo-1yd.es\/wp-content\/uploads\/2022\/03\/129634036_2832866813624150_1909800708736095592_n-370x248.jpg 370w, https:\/\/xn--memoriademocraticadepearroyapueblonuevo-1yd.es\/wp-content\/uploads\/2022\/03\/129634036_2832866813624150_1909800708736095592_n-760x510.jpg 760w, https:\/\/xn--memoriademocraticadepearroyapueblonuevo-1yd.es\/wp-content\/uploads\/2022\/03\/129634036_2832866813624150_1909800708736095592_n.jpg 1297w\" sizes=\"auto, (max-width: 1024px) 100vw, 1024px\" \/><\/figure>\n\n\n\n<figure class=\"wp-block-image size-large\"><img loading=\"lazy\" decoding=\"async\" width=\"1024\" height=\"688\" data-id=\"1412\" src=\"https:\/\/xn--memoriademocraticadepearroyapueblonuevo-1yd.es\/wp-content\/uploads\/2022\/03\/130024896_2832866710290827_4963535249840896661_n-1024x688.jpg\" alt=\"\" class=\"wp-image-1412\" srcset=\"https:\/\/xn--memoriademocraticadepearroyapueblonuevo-1yd.es\/wp-content\/uploads\/2022\/03\/130024896_2832866710290827_4963535249840896661_n-1024x688.jpg 1024w, https:\/\/xn--memoriademocraticadepearroyapueblonuevo-1yd.es\/wp-content\/uploads\/2022\/03\/130024896_2832866710290827_4963535249840896661_n-300x201.jpg 300w, https:\/\/xn--memoriademocraticadepearroyapueblonuevo-1yd.es\/wp-content\/uploads\/2022\/03\/130024896_2832866710290827_4963535249840896661_n-768x516.jpg 768w, https:\/\/xn--memoriademocraticadepearroyapueblonuevo-1yd.es\/wp-content\/uploads\/2022\/03\/130024896_2832866710290827_4963535249840896661_n-370x248.jpg 370w, https:\/\/xn--memoriademocraticadepearroyapueblonuevo-1yd.es\/wp-content\/uploads\/2022\/03\/130024896_2832866710290827_4963535249840896661_n-760x510.jpg 760w, https:\/\/xn--memoriademocraticadepearroyapueblonuevo-1yd.es\/wp-content\/uploads\/2022\/03\/130024896_2832866710290827_4963535249840896661_n.jpg 1297w\" sizes=\"auto, (max-width: 1024px) 100vw, 1024px\" \/><\/figure>\n\n\n\n<figure class=\"wp-block-image size-large\"><img loading=\"lazy\" decoding=\"async\" width=\"1024\" height=\"688\" data-id=\"1416\" src=\"https:\/\/xn--memoriademocraticadepearroyapueblonuevo-1yd.es\/wp-content\/uploads\/2022\/03\/130170102_2832867003624131_8674035649813823851_n-1024x688.jpg\" alt=\"\" class=\"wp-image-1416\" srcset=\"https:\/\/xn--memoriademocraticadepearroyapueblonuevo-1yd.es\/wp-content\/uploads\/2022\/03\/130170102_2832867003624131_8674035649813823851_n-1024x688.jpg 1024w, https:\/\/xn--memoriademocraticadepearroyapueblonuevo-1yd.es\/wp-content\/uploads\/2022\/03\/130170102_2832867003624131_8674035649813823851_n-300x201.jpg 300w, https:\/\/xn--memoriademocraticadepearroyapueblonuevo-1yd.es\/wp-content\/uploads\/2022\/03\/130170102_2832867003624131_8674035649813823851_n-768x516.jpg 768w, https:\/\/xn--memoriademocraticadepearroyapueblonuevo-1yd.es\/wp-content\/uploads\/2022\/03\/130170102_2832867003624131_8674035649813823851_n-370x248.jpg 370w, https:\/\/xn--memoriademocraticadepearroyapueblonuevo-1yd.es\/wp-content\/uploads\/2022\/03\/130170102_2832867003624131_8674035649813823851_n-760x510.jpg 760w, https:\/\/xn--memoriademocraticadepearroyapueblonuevo-1yd.es\/wp-content\/uploads\/2022\/03\/130170102_2832867003624131_8674035649813823851_n.jpg 1297w\" sizes=\"auto, (max-width: 1024px) 100vw, 1024px\" \/><\/figure>\n\n\n\n<figure class=\"wp-block-image size-large\"><img loading=\"lazy\" decoding=\"async\" width=\"688\" height=\"1024\" data-id=\"1415\" src=\"https:\/\/xn--memoriademocraticadepearroyapueblonuevo-1yd.es\/wp-content\/uploads\/2022\/03\/130219889_2832866576957507_7892516281479546081_n-688x1024.jpg\" alt=\"\" class=\"wp-image-1415\" srcset=\"https:\/\/xn--memoriademocraticadepearroyapueblonuevo-1yd.es\/wp-content\/uploads\/2022\/03\/130219889_2832866576957507_7892516281479546081_n-688x1024.jpg 688w, https:\/\/xn--memoriademocraticadepearroyapueblonuevo-1yd.es\/wp-content\/uploads\/2022\/03\/130219889_2832866576957507_7892516281479546081_n-201x300.jpg 201w, https:\/\/xn--memoriademocraticadepearroyapueblonuevo-1yd.es\/wp-content\/uploads\/2022\/03\/130219889_2832866576957507_7892516281479546081_n-768x1144.jpg 768w, https:\/\/xn--memoriademocraticadepearroyapueblonuevo-1yd.es\/wp-content\/uploads\/2022\/03\/130219889_2832866576957507_7892516281479546081_n-370x551.jpg 370w, https:\/\/xn--memoriademocraticadepearroyapueblonuevo-1yd.es\/wp-content\/uploads\/2022\/03\/130219889_2832866576957507_7892516281479546081_n-760x1132.jpg 760w, https:\/\/xn--memoriademocraticadepearroyapueblonuevo-1yd.es\/wp-content\/uploads\/2022\/03\/130219889_2832866576957507_7892516281479546081_n.jpg 871w\" sizes=\"auto, (max-width: 688px) 100vw, 688px\" \/><\/figure>\n\n\n\n<figure class=\"wp-block-image size-large\"><img loading=\"lazy\" decoding=\"async\" width=\"1024\" height=\"690\" data-id=\"1417\" src=\"https:\/\/xn--memoriademocraticadepearroyapueblonuevo-1yd.es\/wp-content\/uploads\/2022\/03\/143976804_2873759319534899_675732687424421927_n-1024x690.jpg\" alt=\"\" class=\"wp-image-1417\" srcset=\"https:\/\/xn--memoriademocraticadepearroyapueblonuevo-1yd.es\/wp-content\/uploads\/2022\/03\/143976804_2873759319534899_675732687424421927_n-1024x690.jpg 1024w, https:\/\/xn--memoriademocraticadepearroyapueblonuevo-1yd.es\/wp-content\/uploads\/2022\/03\/143976804_2873759319534899_675732687424421927_n-300x202.jpg 300w, https:\/\/xn--memoriademocraticadepearroyapueblonuevo-1yd.es\/wp-content\/uploads\/2022\/03\/143976804_2873759319534899_675732687424421927_n-768x518.jpg 768w, https:\/\/xn--memoriademocraticadepearroyapueblonuevo-1yd.es\/wp-content\/uploads\/2022\/03\/143976804_2873759319534899_675732687424421927_n-370x249.jpg 370w, https:\/\/xn--memoriademocraticadepearroyapueblonuevo-1yd.es\/wp-content\/uploads\/2022\/03\/143976804_2873759319534899_675732687424421927_n-760x512.jpg 760w, https:\/\/xn--memoriademocraticadepearroyapueblonuevo-1yd.es\/wp-content\/uploads\/2022\/03\/143976804_2873759319534899_675732687424421927_n.jpg 1304w\" sizes=\"auto, (max-width: 1024px) 100vw, 1024px\" \/><\/figure>\n\n\n\n<figure class=\"wp-block-image size-large\"><img loading=\"lazy\" decoding=\"async\" width=\"1024\" height=\"689\" data-id=\"1420\" src=\"https:\/\/xn--memoriademocraticadepearroyapueblonuevo-1yd.es\/wp-content\/uploads\/2022\/03\/144097362_2873759416201556_3661483013775025262_n-1024x689.jpg\" alt=\"\" class=\"wp-image-1420\" srcset=\"https:\/\/xn--memoriademocraticadepearroyapueblonuevo-1yd.es\/wp-content\/uploads\/2022\/03\/144097362_2873759416201556_3661483013775025262_n-1024x689.jpg 1024w, https:\/\/xn--memoriademocraticadepearroyapueblonuevo-1yd.es\/wp-content\/uploads\/2022\/03\/144097362_2873759416201556_3661483013775025262_n-300x202.jpg 300w, https:\/\/xn--memoriademocraticadepearroyapueblonuevo-1yd.es\/wp-content\/uploads\/2022\/03\/144097362_2873759416201556_3661483013775025262_n-768x517.jpg 768w, https:\/\/xn--memoriademocraticadepearroyapueblonuevo-1yd.es\/wp-content\/uploads\/2022\/03\/144097362_2873759416201556_3661483013775025262_n-370x249.jpg 370w, https:\/\/xn--memoriademocraticadepearroyapueblonuevo-1yd.es\/wp-content\/uploads\/2022\/03\/144097362_2873759416201556_3661483013775025262_n-760x512.jpg 760w, https:\/\/xn--memoriademocraticadepearroyapueblonuevo-1yd.es\/wp-content\/uploads\/2022\/03\/144097362_2873759416201556_3661483013775025262_n.jpg 1304w\" sizes=\"auto, (max-width: 1024px) 100vw, 1024px\" \/><\/figure>\n\n\n\n<figure class=\"wp-block-image size-large\"><img loading=\"lazy\" decoding=\"async\" width=\"1024\" height=\"689\" data-id=\"1419\" src=\"https:\/\/xn--memoriademocraticadepearroyapueblonuevo-1yd.es\/wp-content\/uploads\/2022\/03\/144204520_2874435019467329_3678684197362201183_n-1024x689.jpg\" alt=\"\" class=\"wp-image-1419\" srcset=\"https:\/\/xn--memoriademocraticadepearroyapueblonuevo-1yd.es\/wp-content\/uploads\/2022\/03\/144204520_2874435019467329_3678684197362201183_n-1024x689.jpg 1024w, https:\/\/xn--memoriademocraticadepearroyapueblonuevo-1yd.es\/wp-content\/uploads\/2022\/03\/144204520_2874435019467329_3678684197362201183_n-300x202.jpg 300w, https:\/\/xn--memoriademocraticadepearroyapueblonuevo-1yd.es\/wp-content\/uploads\/2022\/03\/144204520_2874435019467329_3678684197362201183_n-768x517.jpg 768w, https:\/\/xn--memoriademocraticadepearroyapueblonuevo-1yd.es\/wp-content\/uploads\/2022\/03\/144204520_2874435019467329_3678684197362201183_n-370x249.jpg 370w, https:\/\/xn--memoriademocraticadepearroyapueblonuevo-1yd.es\/wp-content\/uploads\/2022\/03\/144204520_2874435019467329_3678684197362201183_n-760x512.jpg 760w, https:\/\/xn--memoriademocraticadepearroyapueblonuevo-1yd.es\/wp-content\/uploads\/2022\/03\/144204520_2874435019467329_3678684197362201183_n.jpg 1304w\" sizes=\"auto, (max-width: 1024px) 100vw, 1024px\" \/><\/figure>\n\n\n\n<figure class=\"wp-block-image size-large\"><img loading=\"lazy\" decoding=\"async\" width=\"1024\" height=\"689\" data-id=\"1418\" src=\"https:\/\/xn--memoriademocraticadepearroyapueblonuevo-1yd.es\/wp-content\/uploads\/2022\/03\/144233621_2874434942800670_8379865037690822316_n-1024x689.jpg\" alt=\"\" class=\"wp-image-1418\" srcset=\"https:\/\/xn--memoriademocraticadepearroyapueblonuevo-1yd.es\/wp-content\/uploads\/2022\/03\/144233621_2874434942800670_8379865037690822316_n-1024x689.jpg 1024w, https:\/\/xn--memoriademocraticadepearroyapueblonuevo-1yd.es\/wp-content\/uploads\/2022\/03\/144233621_2874434942800670_8379865037690822316_n-300x202.jpg 300w, https:\/\/xn--memoriademocraticadepearroyapueblonuevo-1yd.es\/wp-content\/uploads\/2022\/03\/144233621_2874434942800670_8379865037690822316_n-768x517.jpg 768w, https:\/\/xn--memoriademocraticadepearroyapueblonuevo-1yd.es\/wp-content\/uploads\/2022\/03\/144233621_2874434942800670_8379865037690822316_n-370x249.jpg 370w, https:\/\/xn--memoriademocraticadepearroyapueblonuevo-1yd.es\/wp-content\/uploads\/2022\/03\/144233621_2874434942800670_8379865037690822316_n-760x512.jpg 760w, https:\/\/xn--memoriademocraticadepearroyapueblonuevo-1yd.es\/wp-content\/uploads\/2022\/03\/144233621_2874434942800670_8379865037690822316_n.jpg 1304w\" sizes=\"auto, (max-width: 1024px) 100vw, 1024px\" \/><\/figure>\n\n\n\n<figure class=\"wp-block-image size-large\"><img loading=\"lazy\" decoding=\"async\" width=\"1024\" height=\"689\" data-id=\"1421\" src=\"https:\/\/xn--memoriademocraticadepearroyapueblonuevo-1yd.es\/wp-content\/uploads\/2022\/03\/144267719_2873759332868231_7068216504722660230_n-1024x689.jpg\" alt=\"\" class=\"wp-image-1421\" srcset=\"https:\/\/xn--memoriademocraticadepearroyapueblonuevo-1yd.es\/wp-content\/uploads\/2022\/03\/144267719_2873759332868231_7068216504722660230_n-1024x689.jpg 1024w, https:\/\/xn--memoriademocraticadepearroyapueblonuevo-1yd.es\/wp-content\/uploads\/2022\/03\/144267719_2873759332868231_7068216504722660230_n-300x202.jpg 300w, https:\/\/xn--memoriademocraticadepearroyapueblonuevo-1yd.es\/wp-content\/uploads\/2022\/03\/144267719_2873759332868231_7068216504722660230_n-768x517.jpg 768w, https:\/\/xn--memoriademocraticadepearroyapueblonuevo-1yd.es\/wp-content\/uploads\/2022\/03\/144267719_2873759332868231_7068216504722660230_n-370x249.jpg 370w, https:\/\/xn--memoriademocraticadepearroyapueblonuevo-1yd.es\/wp-content\/uploads\/2022\/03\/144267719_2873759332868231_7068216504722660230_n-760x512.jpg 760w, https:\/\/xn--memoriademocraticadepearroyapueblonuevo-1yd.es\/wp-content\/uploads\/2022\/03\/144267719_2873759332868231_7068216504722660230_n.jpg 1304w\" sizes=\"auto, (max-width: 1024px) 100vw, 1024px\" \/><\/figure>\n\n\n\n<figure class=\"wp-block-image size-large\"><img loading=\"lazy\" decoding=\"async\" width=\"1024\" height=\"689\" data-id=\"1422\" src=\"https:\/\/xn--memoriademocraticadepearroyapueblonuevo-1yd.es\/wp-content\/uploads\/2022\/03\/144288913_2874434949467336_882852136105950009_n-1024x689.jpg\" alt=\"\" class=\"wp-image-1422\" srcset=\"https:\/\/xn--memoriademocraticadepearroyapueblonuevo-1yd.es\/wp-content\/uploads\/2022\/03\/144288913_2874434949467336_882852136105950009_n-1024x689.jpg 1024w, https:\/\/xn--memoriademocraticadepearroyapueblonuevo-1yd.es\/wp-content\/uploads\/2022\/03\/144288913_2874434949467336_882852136105950009_n-300x202.jpg 300w, https:\/\/xn--memoriademocraticadepearroyapueblonuevo-1yd.es\/wp-content\/uploads\/2022\/03\/144288913_2874434949467336_882852136105950009_n-768x517.jpg 768w, https:\/\/xn--memoriademocraticadepearroyapueblonuevo-1yd.es\/wp-content\/uploads\/2022\/03\/144288913_2874434949467336_882852136105950009_n-370x249.jpg 370w, https:\/\/xn--memoriademocraticadepearroyapueblonuevo-1yd.es\/wp-content\/uploads\/2022\/03\/144288913_2874434949467336_882852136105950009_n-760x512.jpg 760w, https:\/\/xn--memoriademocraticadepearroyapueblonuevo-1yd.es\/wp-content\/uploads\/2022\/03\/144288913_2874434949467336_882852136105950009_n.jpg 1304w\" sizes=\"auto, (max-width: 1024px) 100vw, 1024px\" \/><\/figure>\n\n\n\n<figure class=\"wp-block-image size-large\"><img loading=\"lazy\" decoding=\"async\" width=\"1024\" height=\"689\" data-id=\"1423\" src=\"https:\/\/xn--memoriademocraticadepearroyapueblonuevo-1yd.es\/wp-content\/uploads\/2022\/03\/144295680_2874434909467340_3295737447371559206_n-1024x689.jpg\" alt=\"\" class=\"wp-image-1423\" srcset=\"https:\/\/xn--memoriademocraticadepearroyapueblonuevo-1yd.es\/wp-content\/uploads\/2022\/03\/144295680_2874434909467340_3295737447371559206_n-1024x689.jpg 1024w, https:\/\/xn--memoriademocraticadepearroyapueblonuevo-1yd.es\/wp-content\/uploads\/2022\/03\/144295680_2874434909467340_3295737447371559206_n-300x202.jpg 300w, https:\/\/xn--memoriademocraticadepearroyapueblonuevo-1yd.es\/wp-content\/uploads\/2022\/03\/144295680_2874434909467340_3295737447371559206_n-768x517.jpg 768w, https:\/\/xn--memoriademocraticadepearroyapueblonuevo-1yd.es\/wp-content\/uploads\/2022\/03\/144295680_2874434909467340_3295737447371559206_n-370x249.jpg 370w, https:\/\/xn--memoriademocraticadepearroyapueblonuevo-1yd.es\/wp-content\/uploads\/2022\/03\/144295680_2874434909467340_3295737447371559206_n-760x512.jpg 760w, https:\/\/xn--memoriademocraticadepearroyapueblonuevo-1yd.es\/wp-content\/uploads\/2022\/03\/144295680_2874434909467340_3295737447371559206_n.jpg 1304w\" sizes=\"auto, (max-width: 1024px) 100vw, 1024px\" \/><\/figure>\n\n\n\n<figure class=\"wp-block-image size-large\"><img loading=\"lazy\" decoding=\"async\" width=\"1024\" height=\"689\" data-id=\"1424\" src=\"https:\/\/xn--memoriademocraticadepearroyapueblonuevo-1yd.es\/wp-content\/uploads\/2022\/03\/144303658_2874434952800669_8027588095494540063_n-1024x689.jpg\" alt=\"\" class=\"wp-image-1424\" srcset=\"https:\/\/xn--memoriademocraticadepearroyapueblonuevo-1yd.es\/wp-content\/uploads\/2022\/03\/144303658_2874434952800669_8027588095494540063_n-1024x689.jpg 1024w, https:\/\/xn--memoriademocraticadepearroyapueblonuevo-1yd.es\/wp-content\/uploads\/2022\/03\/144303658_2874434952800669_8027588095494540063_n-300x202.jpg 300w, https:\/\/xn--memoriademocraticadepearroyapueblonuevo-1yd.es\/wp-content\/uploads\/2022\/03\/144303658_2874434952800669_8027588095494540063_n-768x517.jpg 768w, https:\/\/xn--memoriademocraticadepearroyapueblonuevo-1yd.es\/wp-content\/uploads\/2022\/03\/144303658_2874434952800669_8027588095494540063_n-370x249.jpg 370w, https:\/\/xn--memoriademocraticadepearroyapueblonuevo-1yd.es\/wp-content\/uploads\/2022\/03\/144303658_2874434952800669_8027588095494540063_n-760x512.jpg 760w, https:\/\/xn--memoriademocraticadepearroyapueblonuevo-1yd.es\/wp-content\/uploads\/2022\/03\/144303658_2874434952800669_8027588095494540063_n.jpg 1304w\" sizes=\"auto, (max-width: 1024px) 100vw, 1024px\" \/><\/figure>\n<\/figure>\n","protected":false},"excerpt":{"rendered":"","protected":false},"author":1,"featured_media":1422,"comment_status":"closed","ping_status":"open","sticky":false,"template":"","format":"standard","meta":{"_exactmetrics_skip_tracking":false,"_exactmetrics_sitenote_active":false,"_exactmetrics_sitenote_note":"","_exactmetrics_sitenote_category":0,"footnotes":""},"categories":[10,7,41,40,37],"tags":[48,49,44,45,50],"class_list":["post-1402","post","type-post","status-publish","format-standard","has-post-thumbnail","hentry","category-fotografia","category-media","category-memoria-democratica-del-guadiato","category-memoria-penarroya-pueblonuevo","category-multimedia","tag-fotografia","tag-media","tag-memoria-democratica-del-guadiato","tag-memoria-penarroya-pueblonuevo","tag-multimedia"],"yoast_head":"<!-- This site is optimized with the Yoast SEO plugin v27.2 - https:\/\/yoast.com\/product\/yoast-seo-wordpress\/ -->\n<title>Galeria restos de la guerra - Jose Manuel Casta\u00f1o<\/title>\n<meta name=\"description\" content=\"Galeria restos de la guerra - Jose Manuel Casta\u00f1o\" \/>\n<meta name=\"robots\" content=\"index, follow, max-snippet:-1, max-image-preview:large, max-video-preview:-1\" \/>\n<link rel=\"canonical\" href=\"https:\/\/xn--memoriademocraticadepearroyapueblonuevo-1yd.es\/index.php\/2022\/03\/10\/galeria-restos-de-la-guerra-jose-manuel-castano\/\" \/>\n<meta property=\"og:locale\" content=\"es_ES\" \/>\n<meta property=\"og:type\" content=\"article\" \/>\n<meta property=\"og:title\" content=\"Galeria restos de la guerra - Jose Manuel Casta\u00f1o\" \/>\n<meta property=\"og:description\" content=\"Galeria restos de la guerra - Jose Manuel Casta\u00f1o\" \/>\n<meta property=\"og:url\" content=\"https:\/\/xn--memoriademocraticadepearroyapueblonuevo-1yd.es\/index.php\/2022\/03\/10\/galeria-restos-de-la-guerra-jose-manuel-castano\/\" \/>\n<meta property=\"og:site_name\" content=\"Memoria democr&aacute;tica del Guadiato\" \/>\n<meta property=\"article:published_time\" content=\"2022-03-10T10:13:39+00:00\" \/>\n<meta property=\"article:modified_time\" content=\"2022-05-09T08:49:28+00:00\" \/>\n<meta property=\"og:image\" content=\"https:\/\/xn--memoriademocraticadepearroyapueblonuevo-1yd.es\/wp-content\/uploads\/2022\/03\/144288913_2874434949467336_882852136105950009_n.jpg\" \/>\n\t<meta property=\"og:image:width\" content=\"1304\" \/>\n\t<meta property=\"og:image:height\" content=\"878\" \/>\n\t<meta property=\"og:image:type\" content=\"image\/jpeg\" \/>\n<meta name=\"author\" content=\"admin\" \/>\n<meta name=\"twitter:card\" content=\"summary_large_image\" \/>\n<meta name=\"twitter:label1\" content=\"Escrito por\" \/>\n\t<meta name=\"twitter:data1\" content=\"admin\" \/>\n\t<meta name=\"twitter:label2\" content=\"Tiempo de lectura\" \/>\n\t<meta name=\"twitter:data2\" content=\"5 minutos\" \/>\n<script type=\"application\/ld+json\" class=\"yoast-schema-graph\">{\"@context\":\"https:\/\/schema.org\",\"@graph\":[{\"@type\":\"Article\",\"@id\":\"https:\/\/xn--memoriademocraticadepearroyapueblonuevo-1yd.es\/index.php\/2022\/03\/10\/galeria-restos-de-la-guerra-jose-manuel-castano\/#article\",\"isPartOf\":{\"@id\":\"https:\/\/xn--memoriademocraticadepearroyapueblonuevo-1yd.es\/index.php\/2022\/03\/10\/galeria-restos-de-la-guerra-jose-manuel-castano\/\"},\"author\":{\"name\":\"admin\",\"@id\":\"https:\/\/xn--memoriademocraticadepearroyapueblonuevo-1yd.es\/#\/schema\/person\/6b3171435f012d1dd11f8802ca2efb59\"},\"headline\":\"Galeria restos de la guerra &#8211; Jose Manuel Casta\u00f1o\",\"datePublished\":\"2022-03-10T10:13:39+00:00\",\"dateModified\":\"2022-05-09T08:49:28+00:00\",\"mainEntityOfPage\":{\"@id\":\"https:\/\/xn--memoriademocraticadepearroyapueblonuevo-1yd.es\/index.php\/2022\/03\/10\/galeria-restos-de-la-guerra-jose-manuel-castano\/\"},\"wordCount\":10,\"image\":{\"@id\":\"https:\/\/xn--memoriademocraticadepearroyapueblonuevo-1yd.es\/index.php\/2022\/03\/10\/galeria-restos-de-la-guerra-jose-manuel-castano\/#primaryimage\"},\"thumbnailUrl\":\"https:\/\/xn--memoriademocraticadepearroyapueblonuevo-1yd.es\/wp-content\/uploads\/2022\/03\/144288913_2874434949467336_882852136105950009_n.jpg\",\"keywords\":[\"Fotograf\u00eda\",\"Media\",\"Memoria Democratica del Guadiato\",\"Memoria Pe\u00f1arroya Pueblonuevo\",\"Multimedia\"],\"articleSection\":[\"Fotograf\u00eda\",\"Media\",\"Memoria Democratica del Guadiato\",\"Memoria Pe\u00f1arroya Pueblonuevo\",\"Multimedia\"],\"inLanguage\":\"es\"},{\"@type\":\"WebPage\",\"@id\":\"https:\/\/xn--memoriademocraticadepearroyapueblonuevo-1yd.es\/index.php\/2022\/03\/10\/galeria-restos-de-la-guerra-jose-manuel-castano\/\",\"url\":\"https:\/\/xn--memoriademocraticadepearroyapueblonuevo-1yd.es\/index.php\/2022\/03\/10\/galeria-restos-de-la-guerra-jose-manuel-castano\/\",\"name\":\"Galeria restos de la guerra - Jose Manuel Casta\u00f1o\",\"isPartOf\":{\"@id\":\"https:\/\/xn--memoriademocraticadepearroyapueblonuevo-1yd.es\/#website\"},\"primaryImageOfPage\":{\"@id\":\"https:\/\/xn--memoriademocraticadepearroyapueblonuevo-1yd.es\/index.php\/2022\/03\/10\/galeria-restos-de-la-guerra-jose-manuel-castano\/#primaryimage\"},\"image\":{\"@id\":\"https:\/\/xn--memoriademocraticadepearroyapueblonuevo-1yd.es\/index.php\/2022\/03\/10\/galeria-restos-de-la-guerra-jose-manuel-castano\/#primaryimage\"},\"thumbnailUrl\":\"https:\/\/xn--memoriademocraticadepearroyapueblonuevo-1yd.es\/wp-content\/uploads\/2022\/03\/144288913_2874434949467336_882852136105950009_n.jpg\",\"datePublished\":\"2022-03-10T10:13:39+00:00\",\"dateModified\":\"2022-05-09T08:49:28+00:00\",\"author\":{\"@id\":\"https:\/\/xn--memoriademocraticadepearroyapueblonuevo-1yd.es\/#\/schema\/person\/6b3171435f012d1dd11f8802ca2efb59\"},\"description\":\"Galeria restos de la guerra - Jose Manuel Casta\u00f1o\",\"breadcrumb\":{\"@id\":\"https:\/\/xn--memoriademocraticadepearroyapueblonuevo-1yd.es\/index.php\/2022\/03\/10\/galeria-restos-de-la-guerra-jose-manuel-castano\/#breadcrumb\"},\"inLanguage\":\"es\",\"potentialAction\":[{\"@type\":\"ReadAction\",\"target\":[\"https:\/\/xn--memoriademocraticadepearroyapueblonuevo-1yd.es\/index.php\/2022\/03\/10\/galeria-restos-de-la-guerra-jose-manuel-castano\/\"]}]},{\"@type\":\"ImageObject\",\"inLanguage\":\"es\",\"@id\":\"https:\/\/xn--memoriademocraticadepearroyapueblonuevo-1yd.es\/index.php\/2022\/03\/10\/galeria-restos-de-la-guerra-jose-manuel-castano\/#primaryimage\",\"url\":\"https:\/\/xn--memoriademocraticadepearroyapueblonuevo-1yd.es\/wp-content\/uploads\/2022\/03\/144288913_2874434949467336_882852136105950009_n.jpg\",\"contentUrl\":\"https:\/\/xn--memoriademocraticadepearroyapueblonuevo-1yd.es\/wp-content\/uploads\/2022\/03\/144288913_2874434949467336_882852136105950009_n.jpg\",\"width\":1304,\"height\":878},{\"@type\":\"BreadcrumbList\",\"@id\":\"https:\/\/xn--memoriademocraticadepearroyapueblonuevo-1yd.es\/index.php\/2022\/03\/10\/galeria-restos-de-la-guerra-jose-manuel-castano\/#breadcrumb\",\"itemListElement\":[{\"@type\":\"ListItem\",\"position\":1,\"name\":\"Portada\",\"item\":\"https:\/\/xn--memoriademocraticadepearroyapueblonuevo-1yd.es\/\"},{\"@type\":\"ListItem\",\"position\":2,\"name\":\"Galeria restos de la guerra &#8211; Jose Manuel Casta\u00f1o\"}]},{\"@type\":\"WebSite\",\"@id\":\"https:\/\/xn--memoriademocraticadepearroyapueblonuevo-1yd.es\/#website\",\"url\":\"https:\/\/xn--memoriademocraticadepearroyapueblonuevo-1yd.es\/\",\"name\":\"Memoria democr&aacute;tica del Guadiato\",\"description\":\"Memoria democr&aacute;tica del Guadiato\",\"potentialAction\":[{\"@type\":\"SearchAction\",\"target\":{\"@type\":\"EntryPoint\",\"urlTemplate\":\"https:\/\/xn--memoriademocraticadepearroyapueblonuevo-1yd.es\/?s={search_term_string}\"},\"query-input\":{\"@type\":\"PropertyValueSpecification\",\"valueRequired\":true,\"valueName\":\"search_term_string\"}}],\"inLanguage\":\"es\"},{\"@type\":\"Person\",\"@id\":\"https:\/\/xn--memoriademocraticadepearroyapueblonuevo-1yd.es\/#\/schema\/person\/6b3171435f012d1dd11f8802ca2efb59\",\"name\":\"admin\",\"image\":{\"@type\":\"ImageObject\",\"inLanguage\":\"es\",\"@id\":\"https:\/\/secure.gravatar.com\/avatar\/40bff365fb13a637105976d970b2ec28d48204cfb513ca76a4ff31d222d10962?s=96&d=mm&r=g\",\"url\":\"https:\/\/secure.gravatar.com\/avatar\/40bff365fb13a637105976d970b2ec28d48204cfb513ca76a4ff31d222d10962?s=96&d=mm&r=g\",\"contentUrl\":\"https:\/\/secure.gravatar.com\/avatar\/40bff365fb13a637105976d970b2ec28d48204cfb513ca76a4ff31d222d10962?s=96&d=mm&r=g\",\"caption\":\"admin\"},\"sameAs\":[\"https:\/\/xn--memoriademocraticadepearroyapueblonuevo-1yd.es\"],\"url\":\"https:\/\/xn--memoriademocraticadepearroyapueblonuevo-1yd.es\/index.php\/author\/admin\/\"}]}<\/script>\n<!-- \/ Yoast SEO plugin. -->","yoast_head_json":{"title":"Galeria restos de la guerra - Jose Manuel Casta\u00f1o","description":"Galeria restos de la guerra - Jose Manuel Casta\u00f1o","robots":{"index":"index","follow":"follow","max-snippet":"max-snippet:-1","max-image-preview":"max-image-preview:large","max-video-preview":"max-video-preview:-1"},"canonical":"https:\/\/xn--memoriademocraticadepearroyapueblonuevo-1yd.es\/index.php\/2022\/03\/10\/galeria-restos-de-la-guerra-jose-manuel-castano\/","og_locale":"es_ES","og_type":"article","og_title":"Galeria restos de la guerra - Jose Manuel Casta\u00f1o","og_description":"Galeria restos de la guerra - Jose Manuel Casta\u00f1o","og_url":"https:\/\/xn--memoriademocraticadepearroyapueblonuevo-1yd.es\/index.php\/2022\/03\/10\/galeria-restos-de-la-guerra-jose-manuel-castano\/","og_site_name":"Memoria democr&aacute;tica del Guadiato","article_published_time":"2022-03-10T10:13:39+00:00","article_modified_time":"2022-05-09T08:49:28+00:00","og_image":[{"width":1304,"height":878,"url":"https:\/\/xn--memoriademocraticadepearroyapueblonuevo-1yd.es\/wp-content\/uploads\/2022\/03\/144288913_2874434949467336_882852136105950009_n.jpg","type":"image\/jpeg"}],"author":"admin","twitter_card":"summary_large_image","twitter_misc":{"Escrito por":"admin","Tiempo de lectura":"5 minutos"},"schema":{"@context":"https:\/\/schema.org","@graph":[{"@type":"Article","@id":"https:\/\/xn--memoriademocraticadepearroyapueblonuevo-1yd.es\/index.php\/2022\/03\/10\/galeria-restos-de-la-guerra-jose-manuel-castano\/#article","isPartOf":{"@id":"https:\/\/xn--memoriademocraticadepearroyapueblonuevo-1yd.es\/index.php\/2022\/03\/10\/galeria-restos-de-la-guerra-jose-manuel-castano\/"},"author":{"name":"admin","@id":"https:\/\/xn--memoriademocraticadepearroyapueblonuevo-1yd.es\/#\/schema\/person\/6b3171435f012d1dd11f8802ca2efb59"},"headline":"Galeria restos de la guerra &#8211; Jose Manuel Casta\u00f1o","datePublished":"2022-03-10T10:13:39+00:00","dateModified":"2022-05-09T08:49:28+00:00","mainEntityOfPage":{"@id":"https:\/\/xn--memoriademocraticadepearroyapueblonuevo-1yd.es\/index.php\/2022\/03\/10\/galeria-restos-de-la-guerra-jose-manuel-castano\/"},"wordCount":10,"image":{"@id":"https:\/\/xn--memoriademocraticadepearroyapueblonuevo-1yd.es\/index.php\/2022\/03\/10\/galeria-restos-de-la-guerra-jose-manuel-castano\/#primaryimage"},"thumbnailUrl":"https:\/\/xn--memoriademocraticadepearroyapueblonuevo-1yd.es\/wp-content\/uploads\/2022\/03\/144288913_2874434949467336_882852136105950009_n.jpg","keywords":["Fotograf\u00eda","Media","Memoria Democratica del Guadiato","Memoria Pe\u00f1arroya Pueblonuevo","Multimedia"],"articleSection":["Fotograf\u00eda","Media","Memoria Democratica del Guadiato","Memoria Pe\u00f1arroya Pueblonuevo","Multimedia"],"inLanguage":"es"},{"@type":"WebPage","@id":"https:\/\/xn--memoriademocraticadepearroyapueblonuevo-1yd.es\/index.php\/2022\/03\/10\/galeria-restos-de-la-guerra-jose-manuel-castano\/","url":"https:\/\/xn--memoriademocraticadepearroyapueblonuevo-1yd.es\/index.php\/2022\/03\/10\/galeria-restos-de-la-guerra-jose-manuel-castano\/","name":"Galeria restos de la guerra - Jose Manuel Casta\u00f1o","isPartOf":{"@id":"https:\/\/xn--memoriademocraticadepearroyapueblonuevo-1yd.es\/#website"},"primaryImageOfPage":{"@id":"https:\/\/xn--memoriademocraticadepearroyapueblonuevo-1yd.es\/index.php\/2022\/03\/10\/galeria-restos-de-la-guerra-jose-manuel-castano\/#primaryimage"},"image":{"@id":"https:\/\/xn--memoriademocraticadepearroyapueblonuevo-1yd.es\/index.php\/2022\/03\/10\/galeria-restos-de-la-guerra-jose-manuel-castano\/#primaryimage"},"thumbnailUrl":"https:\/\/xn--memoriademocraticadepearroyapueblonuevo-1yd.es\/wp-content\/uploads\/2022\/03\/144288913_2874434949467336_882852136105950009_n.jpg","datePublished":"2022-03-10T10:13:39+00:00","dateModified":"2022-05-09T08:49:28+00:00","author":{"@id":"https:\/\/xn--memoriademocraticadepearroyapueblonuevo-1yd.es\/#\/schema\/person\/6b3171435f012d1dd11f8802ca2efb59"},"description":"Galeria restos de la guerra - Jose Manuel Casta\u00f1o","breadcrumb":{"@id":"https:\/\/xn--memoriademocraticadepearroyapueblonuevo-1yd.es\/index.php\/2022\/03\/10\/galeria-restos-de-la-guerra-jose-manuel-castano\/#breadcrumb"},"inLanguage":"es","potentialAction":[{"@type":"ReadAction","target":["https:\/\/xn--memoriademocraticadepearroyapueblonuevo-1yd.es\/index.php\/2022\/03\/10\/galeria-restos-de-la-guerra-jose-manuel-castano\/"]}]},{"@type":"ImageObject","inLanguage":"es","@id":"https:\/\/xn--memoriademocraticadepearroyapueblonuevo-1yd.es\/index.php\/2022\/03\/10\/galeria-restos-de-la-guerra-jose-manuel-castano\/#primaryimage","url":"https:\/\/xn--memoriademocraticadepearroyapueblonuevo-1yd.es\/wp-content\/uploads\/2022\/03\/144288913_2874434949467336_882852136105950009_n.jpg","contentUrl":"https:\/\/xn--memoriademocraticadepearroyapueblonuevo-1yd.es\/wp-content\/uploads\/2022\/03\/144288913_2874434949467336_882852136105950009_n.jpg","width":1304,"height":878},{"@type":"BreadcrumbList","@id":"https:\/\/xn--memoriademocraticadepearroyapueblonuevo-1yd.es\/index.php\/2022\/03\/10\/galeria-restos-de-la-guerra-jose-manuel-castano\/#breadcrumb","itemListElement":[{"@type":"ListItem","position":1,"name":"Portada","item":"https:\/\/xn--memoriademocraticadepearroyapueblonuevo-1yd.es\/"},{"@type":"ListItem","position":2,"name":"Galeria restos de la guerra &#8211; Jose Manuel Casta\u00f1o"}]},{"@type":"WebSite","@id":"https:\/\/xn--memoriademocraticadepearroyapueblonuevo-1yd.es\/#website","url":"https:\/\/xn--memoriademocraticadepearroyapueblonuevo-1yd.es\/","name":"Memoria democr&aacute;tica del Guadiato","description":"Memoria democr&aacute;tica del Guadiato","potentialAction":[{"@type":"SearchAction","target":{"@type":"EntryPoint","urlTemplate":"https:\/\/xn--memoriademocraticadepearroyapueblonuevo-1yd.es\/?s={search_term_string}"},"query-input":{"@type":"PropertyValueSpecification","valueRequired":true,"valueName":"search_term_string"}}],"inLanguage":"es"},{"@type":"Person","@id":"https:\/\/xn--memoriademocraticadepearroyapueblonuevo-1yd.es\/#\/schema\/person\/6b3171435f012d1dd11f8802ca2efb59","name":"admin","image":{"@type":"ImageObject","inLanguage":"es","@id":"https:\/\/secure.gravatar.com\/avatar\/40bff365fb13a637105976d970b2ec28d48204cfb513ca76a4ff31d222d10962?s=96&d=mm&r=g","url":"https:\/\/secure.gravatar.com\/avatar\/40bff365fb13a637105976d970b2ec28d48204cfb513ca76a4ff31d222d10962?s=96&d=mm&r=g","contentUrl":"https:\/\/secure.gravatar.com\/avatar\/40bff365fb13a637105976d970b2ec28d48204cfb513ca76a4ff31d222d10962?s=96&d=mm&r=g","caption":"admin"},"sameAs":["https:\/\/xn--memoriademocraticadepearroyapueblonuevo-1yd.es"],"url":"https:\/\/xn--memoriademocraticadepearroyapueblonuevo-1yd.es\/index.php\/author\/admin\/"}]}},"_links":{"self":[{"href":"https:\/\/xn--memoriademocraticadepearroyapueblonuevo-1yd.es\/index.php\/wp-json\/wp\/v2\/posts\/1402","targetHints":{"allow":["GET"]}}],"collection":[{"href":"https:\/\/xn--memoriademocraticadepearroyapueblonuevo-1yd.es\/index.php\/wp-json\/wp\/v2\/posts"}],"about":[{"href":"https:\/\/xn--memoriademocraticadepearroyapueblonuevo-1yd.es\/index.php\/wp-json\/wp\/v2\/types\/post"}],"author":[{"embeddable":true,"href":"https:\/\/xn--memoriademocraticadepearroyapueblonuevo-1yd.es\/index.php\/wp-json\/wp\/v2\/users\/1"}],"replies":[{"embeddable":true,"href":"https:\/\/xn--memoriademocraticadepearroyapueblonuevo-1yd.es\/index.php\/wp-json\/wp\/v2\/comments?post=1402"}],"version-history":[{"count":1,"href":"https:\/\/xn--memoriademocraticadepearroyapueblonuevo-1yd.es\/index.php\/wp-json\/wp\/v2\/posts\/1402\/revisions"}],"predecessor-version":[{"id":1425,"href":"https:\/\/xn--memoriademocraticadepearroyapueblonuevo-1yd.es\/index.php\/wp-json\/wp\/v2\/posts\/1402\/revisions\/1425"}],"wp:featuredmedia":[{"embeddable":true,"href":"https:\/\/xn--memoriademocraticadepearroyapueblonuevo-1yd.es\/index.php\/wp-json\/wp\/v2\/media\/1422"}],"wp:attachment":[{"href":"https:\/\/xn--memoriademocraticadepearroyapueblonuevo-1yd.es\/index.php\/wp-json\/wp\/v2\/media?parent=1402"}],"wp:term":[{"taxonomy":"category","embeddable":true,"href":"https:\/\/xn--memoriademocraticadepearroyapueblonuevo-1yd.es\/index.php\/wp-json\/wp\/v2\/categories?post=1402"},{"taxonomy":"post_tag","embeddable":true,"href":"https:\/\/xn--memoriademocraticadepearroyapueblonuevo-1yd.es\/index.php\/wp-json\/wp\/v2\/tags?post=1402"}],"curies":[{"name":"wp","href":"https:\/\/api.w.org\/{rel}","templated":true}]}}