{"id":1358,"date":"2022-03-09T19:26:42","date_gmt":"2022-03-09T19:26:42","guid":{"rendered":"https:\/\/xn--memoriademocraticadepearroyapueblonuevo-1yd.es\/?p=1358"},"modified":"2022-05-09T08:49:28","modified_gmt":"2022-05-09T08:49:28","slug":"los-restos-recuperados-de-las-fosas-de-cordoba-no-alcanzan-aun-el-10","status":"publish","type":"post","link":"https:\/\/xn--memoriademocraticadepearroyapueblonuevo-1yd.es\/index.php\/2022\/03\/09\/los-restos-recuperados-de-las-fosas-de-cordoba-no-alcanzan-aun-el-10\/","title":{"rendered":"Los restos recuperados de las fosas de C\u00f3rdoba no alcanzan a\u00fan el 10%"},"content":{"rendered":"\n<p>La Diputaci\u00f3n tiene localizados 79 enterramientos comunes en distintos pueblos de la provincia | La de Hinojosa del Duque, con unos 250 cuerpos, podr\u00eda ser la m\u00e1s grande, despu\u00e9s de la capital<\/p>\n\n\n\n<p>En la&nbsp;<a href=\"https:\/\/www.diariocordoba.com\/tags\/cordoba\/\"><strong>provincia de C\u00f3rdoba<\/strong><\/a><strong>&nbsp;no se ha recuperado ni el 10%&nbsp;<\/strong>de todos los&nbsp;<strong>restos&nbsp;<\/strong>que puede haber en las&nbsp;<strong>79 fosas comunes&nbsp;<\/strong>que la&nbsp;<a href=\"https:\/\/www.diariocordoba.com\/tags\/diputacion-de-cordoba\/\"><strong>Diputaci\u00f3n&nbsp;<\/strong><\/a>tiene localizadas en distintos municipios. Las mayores son las de los&nbsp;<strong>cementerios de la capital San Rafael y La Salud<\/strong>, pero hay otros lugares como&nbsp;<a href=\"https:\/\/www.diariocordoba.com\/tags\/aguilar-de-la-frontera\/\"><strong>Aguilar de la Frontera<\/strong><\/a><strong>&nbsp;o&nbsp;<\/strong><a href=\"https:\/\/www.diariocordoba.com\/tags\/hinojosa-del-duque\/\"><strong>Hinojosa del Duque<\/strong><\/a>&nbsp;donde tambi\u00e9n son numerosos los cuerpos pendientes de exhumar.<\/p>\n\n\n\n<p>El diputado responsable de&nbsp;<a href=\"https:\/\/www.diariocordoba.com\/tags\/memoria-historica\/\"><strong>Memoria Hist\u00f3rica<\/strong><\/a>&nbsp;en la Diputaci\u00f3n,&nbsp;<strong>Ram\u00f3n Hern\u00e1ndez<\/strong>, explica a este peri\u00f3dico que la provincia de C\u00f3rdoba es una de las que menor actividad ha llevado a cabo en esta materia. Por eso, entre otros asuntos, desde el actual equipo de&nbsp;<strong>gobierno provincial (PSOE e IU)&nbsp;<\/strong>se ha apostado por crear la citada delegaci\u00f3n que sirva para dinamizar esta actividad, pero tambi\u00e9n, se\u00f1ala Hern\u00e1ndez, \u00abpara que los&nbsp;<strong>ayuntamientos tengan una referencia real<\/strong>&nbsp;y cercana a la que dirigirse para abordar los asuntos relacionados con la memoria\u00bb.<\/p>\n\n\n\n<h2 class=\"wp-block-heading\">El presupuesto<\/h2>\n\n\n\n<p>La delegaci\u00f3n cuenta con un&nbsp;<strong>presupuesto de 605.000 euros<\/strong>&nbsp;que pretenden servir, seg\u00fan el diputado, adem\u00e1s de para ir avanzando en la recuperaci\u00f3n de cuerpos, para que esta parte de la historia llegue a los institutos y colegios, \u00abpara que se pueda aprender de una manera objetiva\u00bb. Por eso, para aportar un&nbsp;<strong>sustento acad\u00e9mico a esta materia<\/strong>, se puso en marcha la C\u00e1tedra de Memoria Democr\u00e1tica en colaboraci\u00f3n con la Universidad de C\u00f3rdoba. De ella se espera que salga el&nbsp;<strong>material did\u00e1ctico con el que llegar a los centros educativos.<\/strong><\/p>\n\n\n\n<p>La delegaci\u00f3n se cre\u00f3 con la entrada del actual equipo de gobierno, en el a\u00f1o 2019, pero no fue hasta el 2020 cuando cont\u00f3 con presupuesto para iniciar su actividad. Lo primero que se hizo, apunta Ram\u00f3n Hern\u00e1ndez, fue conformar el equipo t\u00e9cnico que pudiera asumir las acciones a acometer y el asesoramiento necesario a los ayuntamientos y asociaciones memorialistas de la provincia.&nbsp;<strong>Reconoce el diputado que son estas, las asociaciones<\/strong>, las entidades que m\u00e1s est\u00e1n trabajando en esta materia, pero que los&nbsp;<strong>recursos&nbsp;<\/strong>de que&nbsp;<strong>disponen son escasos<\/strong>. Por ello, gran parte del presupuesto de la delegaci\u00f3n se destina a apoyar a corporaciones municipales y asociaciones, aunque otros organismos como la FEMP (Federaci\u00f3n Espa\u00f1ola de Municipios y Provincias) o la&nbsp;<strong>propia Junta de Andaluc\u00eda<\/strong>, que es la administraci\u00f3n competente en la materia, aportan recursos para poder acometer las actuaciones, sobre todo, localizaci\u00f3n de fosas y excavaciones.<\/p>\n\n\n\n<p>En este sentido, explica Hern\u00e1ndez que las primeras ayudas que pidieron los pueblos eran, sobre todo, para&nbsp;<strong>labores de localizaci\u00f3n con georradar de los enterramientos<\/strong>, la se\u00f1alizaci\u00f3n con monolitos o la publicaci\u00f3n de libros. Una vez localizadas las fosas, las siguientes ayudas&nbsp;<strong>ya van orientadas a las excavaciones<\/strong>.<\/p>\n\n\n\n<p>Hasta ahora, se\u00f1ala el diputado de IU, se han abierto fosas en Aguilar de la Frontera,&nbsp;<strong>La Guijarrosa, Monturque, Lucena, Pedroche, Obejo, Adamuz y Belmez.<\/strong>&nbsp;A ellas habr\u00eda que unir la que el lunes, 21 de febrero, se iniciar\u00e1 en San Sebasti\u00e1n de los Ballesteros.<\/p>\n\n\n\n<p>Las pr\u00f3ximas excavaciones a iniciar en breve se sit\u00faan de nuevo en Monturque y Aguilar, adem\u00e1s de&nbsp;<strong>Cabra e Hinojosa<\/strong>. Esta \u00faltima podr\u00eda ser la fosa m\u00e1s grande de la provincia, pues se estima que en ella pueden&nbsp;<strong>hallarse los restos de 250 personas<\/strong>, cuya recuperaci\u00f3n podr\u00eda empezar este mismo a\u00f1o, al contar ya con una&nbsp;<strong>subvenci\u00f3n de la FEMP de 30.000 euros<\/strong>. En Puente Genil, est\u00e1 pendiente de concluir la negociaci\u00f3n.<\/p>\n\n\n\n<p>Entre las fosas pendientes, recuerda Hern\u00e1ndez que est\u00e1n las m\u00e1s importantes, que son las de los&nbsp;<strong>dos cementerios de C\u00f3rdoba<\/strong>, en las que se calcula que hay&nbsp;<strong>cerca de 5.000 represaliados<\/strong>. En ellos ya se han ejecutado algunos trabajos que permitieron la recuperaci\u00f3n de una veintena de cuerpos. Para seguir, se han destinado entre cuatro administraciones 1,6 millones de euros para cuatro a\u00f1os. La Diputaci\u00f3n, aclara, aporta 400.000 euros \u00abporque entre las personas ejecutadas en C\u00f3rdoba, hay muchas de la provincia\u00bb. En la capital, el proceso est\u00e1&nbsp;<strong>pendiente de que el Ayuntamiento saque a licitaci\u00f3n los trabajos de excavaci\u00f3n.<\/strong><\/p>\n\n\n\n<h3 class=\"wp-block-heading\">Consejos de guerra<\/h3>\n\n\n\n<p>Para localizar todas las fosas y todas las personas condenadas, otra de las actuaciones que est\u00e1 llevando a cabo el equipo t\u00e9cnico es la de digitalizar toda la documentaci\u00f3n existente de los consejos de guerra a los que fueron sometidos los perseguidos por el franquismo en la provincia de C\u00f3rdoba y que pueden acercarse a los 15.000, cifra que duplica a los de otras provincias. Para esa ingente labor, la delegaci\u00f3n de Memoria Hist\u00f3rica de la Diputaci\u00f3n ha&nbsp;<strong>destinado 360.000 euros para el cuatrienio del mandato.<\/strong><\/p>\n\n\n\n<p>Se\u00f1ala Ram\u00f3n Hern\u00e1ndez que en toda esta labor es&nbsp;<strong>fundamental el inter\u00e9s que cada ayuntamiento<\/strong>&nbsp;pone, lo que depende, indica, del color pol\u00edtico, pero s\u00ed resalta el trabajo que est\u00e1n desarrollando las asociaciones memorialistas, que son las que han conseguido que las administraciones se interesaran por este&nbsp;<strong>asunto pendiente de resolver en la historia de Espa\u00f1a<\/strong>. En C\u00f3rdoba,&nbsp;<strong>recuerda que las m\u00e1s activas son<\/strong>el Foro por la Memoria, Dejadnos Llorar y Aremehisa, de Aguilar de la Frontera. Pero indica que hay otras en La Rambla, Do\u00f1a Menc\u00eda, La Carlota, Palma del R\u00edo o Espejo.<\/p>\n\n\n\n<p>El diputado se\u00f1ala que le gustar\u00eda que la delegaci\u00f3n que dirige en este mandato se mantuviera en los siguientes, \u00absi no lo hace se equivocan\u00bb, para que, con las actividades iniciadas, sobre todo la C\u00e1tedra<strong>, se pueda conocer la historia, \u00absin miedo, sin pudor, sin revanchismo y con veracidad\u00bb.&nbsp;<\/strong><\/p>\n\n\n\n<p>La Diputaci\u00f3n de C\u00f3rdoba, en sus trabajos de investigaci\u00f3n sobre la memoria democr\u00e1tica y la Guerra Civil, tiene localizadas&nbsp;<strong>79 fosas comunes, 21 trincheras, 17 b\u00fanker, 13 campos de concentraci\u00f3n y 15 rutas de la memoria<\/strong>, por lo que, seg\u00fan Ram\u00f3n Hern\u00e1ndez, \u00abtenemos mucho trabajo por delante para cumplir con todos nuestros objetivos\u00bb.<\/p>\n\n\n\n<p><a href=\"https:\/\/www.diariocordoba.com\/cordoba\/2022\/02\/20\/restos-recuperados-fosas-cordoba-alcanzan-62937597.html\">Noticia extra\u00edda de Diario C\u00f3rdoba<\/a><\/p>\n","protected":false},"excerpt":{"rendered":"<p>La Diputaci\u00f3n tiene localizados 79 enterramientos comunes en distintos pueblos de la provincia | La de Hinojosa del Duque, con unos 250 cuerpos, podr\u00eda ser la m\u00e1s grande, despu\u00e9s de la capital En la&nbsp;provincia de C\u00f3rdoba&nbsp;no se ha recuperado ni el 10%&nbsp;de todos los&nbsp;restos&nbsp;que puede&hellip;<\/p>\n","protected":false},"author":1,"featured_media":1359,"comment_status":"closed","ping_status":"open","sticky":false,"template":"","format":"standard","meta":{"_exactmetrics_skip_tracking":false,"_exactmetrics_sitenote_active":false,"_exactmetrics_sitenote_note":"","_exactmetrics_sitenote_category":0,"footnotes":""},"categories":[9],"tags":[46],"class_list":["post-1358","post","type-post","status-publish","format-standard","has-post-thumbnail","hentry","category-noticias","tag-noticias"],"yoast_head":"<!-- This site is optimized with the Yoast SEO plugin v27.2 - https:\/\/yoast.com\/product\/yoast-seo-wordpress\/ -->\n<title>Los restos recuperados de las fosas de C\u00f3rdoba no alcanzan a\u00fan el 10%<\/title>\n<meta name=\"description\" content=\"La Diputaci\u00f3n tiene localizados 79 enterramientos comunes en distintos pueblos de la provincia | La de Hinojosa del Duque...\" \/>\n<meta name=\"robots\" content=\"index, follow, max-snippet:-1, max-image-preview:large, max-video-preview:-1\" \/>\n<link rel=\"canonical\" href=\"https:\/\/xn--memoriademocraticadepearroyapueblonuevo-1yd.es\/index.php\/2022\/03\/09\/los-restos-recuperados-de-las-fosas-de-cordoba-no-alcanzan-aun-el-10\/\" \/>\n<meta property=\"og:locale\" content=\"es_ES\" \/>\n<meta property=\"og:type\" content=\"article\" \/>\n<meta property=\"og:title\" content=\"Los restos recuperados de las fosas de C\u00f3rdoba no alcanzan a\u00fan el 10%\" \/>\n<meta property=\"og:description\" content=\"La Diputaci\u00f3n tiene localizados 79 enterramientos comunes en distintos pueblos de la provincia | La de Hinojosa del Duque...\" \/>\n<meta property=\"og:url\" content=\"https:\/\/xn--memoriademocraticadepearroyapueblonuevo-1yd.es\/index.php\/2022\/03\/09\/los-restos-recuperados-de-las-fosas-de-cordoba-no-alcanzan-aun-el-10\/\" \/>\n<meta property=\"og:site_name\" content=\"Memoria democr&aacute;tica del Guadiato\" \/>\n<meta property=\"article:published_time\" content=\"2022-03-09T19:26:42+00:00\" \/>\n<meta property=\"article:modified_time\" content=\"2022-05-09T08:49:28+00:00\" \/>\n<meta property=\"og:image\" content=\"https:\/\/xn--memoriademocraticadepearroyapueblonuevo-1yd.es\/wp-content\/uploads\/2022\/03\/bd9e104c-4b38-4ef2-ac3a-8a4726644098_16-9-discover-aspect-ratio_default_0.jpg\" \/>\n\t<meta property=\"og:image:width\" content=\"1200\" \/>\n\t<meta property=\"og:image:height\" content=\"675\" \/>\n\t<meta property=\"og:image:type\" content=\"image\/jpeg\" \/>\n<meta name=\"author\" content=\"admin\" \/>\n<meta name=\"twitter:card\" content=\"summary_large_image\" \/>\n<meta name=\"twitter:label1\" content=\"Escrito por\" \/>\n\t<meta name=\"twitter:data1\" content=\"admin\" \/>\n\t<meta name=\"twitter:label2\" content=\"Tiempo de lectura\" \/>\n\t<meta name=\"twitter:data2\" content=\"5 minutos\" \/>\n<script type=\"application\/ld+json\" class=\"yoast-schema-graph\">{\"@context\":\"https:\/\/schema.org\",\"@graph\":[{\"@type\":\"Article\",\"@id\":\"https:\/\/xn--memoriademocraticadepearroyapueblonuevo-1yd.es\/index.php\/2022\/03\/09\/los-restos-recuperados-de-las-fosas-de-cordoba-no-alcanzan-aun-el-10\/#article\",\"isPartOf\":{\"@id\":\"https:\/\/xn--memoriademocraticadepearroyapueblonuevo-1yd.es\/index.php\/2022\/03\/09\/los-restos-recuperados-de-las-fosas-de-cordoba-no-alcanzan-aun-el-10\/\"},\"author\":{\"name\":\"admin\",\"@id\":\"https:\/\/xn--memoriademocraticadepearroyapueblonuevo-1yd.es\/#\/schema\/person\/6b3171435f012d1dd11f8802ca2efb59\"},\"headline\":\"Los restos recuperados de las fosas de C\u00f3rdoba no alcanzan a\u00fan el 10%\",\"datePublished\":\"2022-03-09T19:26:42+00:00\",\"dateModified\":\"2022-05-09T08:49:28+00:00\",\"mainEntityOfPage\":{\"@id\":\"https:\/\/xn--memoriademocraticadepearroyapueblonuevo-1yd.es\/index.php\/2022\/03\/09\/los-restos-recuperados-de-las-fosas-de-cordoba-no-alcanzan-aun-el-10\/\"},\"wordCount\":1124,\"image\":{\"@id\":\"https:\/\/xn--memoriademocraticadepearroyapueblonuevo-1yd.es\/index.php\/2022\/03\/09\/los-restos-recuperados-de-las-fosas-de-cordoba-no-alcanzan-aun-el-10\/#primaryimage\"},\"thumbnailUrl\":\"https:\/\/xn--memoriademocraticadepearroyapueblonuevo-1yd.es\/wp-content\/uploads\/2022\/03\/bd9e104c-4b38-4ef2-ac3a-8a4726644098_16-9-discover-aspect-ratio_default_0.jpg\",\"keywords\":[\"Noticias\"],\"articleSection\":[\"Noticias\"],\"inLanguage\":\"es\"},{\"@type\":\"WebPage\",\"@id\":\"https:\/\/xn--memoriademocraticadepearroyapueblonuevo-1yd.es\/index.php\/2022\/03\/09\/los-restos-recuperados-de-las-fosas-de-cordoba-no-alcanzan-aun-el-10\/\",\"url\":\"https:\/\/xn--memoriademocraticadepearroyapueblonuevo-1yd.es\/index.php\/2022\/03\/09\/los-restos-recuperados-de-las-fosas-de-cordoba-no-alcanzan-aun-el-10\/\",\"name\":\"Los restos recuperados de las fosas de C\u00f3rdoba no alcanzan a\u00fan el 10%\",\"isPartOf\":{\"@id\":\"https:\/\/xn--memoriademocraticadepearroyapueblonuevo-1yd.es\/#website\"},\"primaryImageOfPage\":{\"@id\":\"https:\/\/xn--memoriademocraticadepearroyapueblonuevo-1yd.es\/index.php\/2022\/03\/09\/los-restos-recuperados-de-las-fosas-de-cordoba-no-alcanzan-aun-el-10\/#primaryimage\"},\"image\":{\"@id\":\"https:\/\/xn--memoriademocraticadepearroyapueblonuevo-1yd.es\/index.php\/2022\/03\/09\/los-restos-recuperados-de-las-fosas-de-cordoba-no-alcanzan-aun-el-10\/#primaryimage\"},\"thumbnailUrl\":\"https:\/\/xn--memoriademocraticadepearroyapueblonuevo-1yd.es\/wp-content\/uploads\/2022\/03\/bd9e104c-4b38-4ef2-ac3a-8a4726644098_16-9-discover-aspect-ratio_default_0.jpg\",\"datePublished\":\"2022-03-09T19:26:42+00:00\",\"dateModified\":\"2022-05-09T08:49:28+00:00\",\"author\":{\"@id\":\"https:\/\/xn--memoriademocraticadepearroyapueblonuevo-1yd.es\/#\/schema\/person\/6b3171435f012d1dd11f8802ca2efb59\"},\"description\":\"La Diputaci\u00f3n tiene localizados 79 enterramientos comunes en distintos pueblos de la provincia | La de Hinojosa del Duque...\",\"breadcrumb\":{\"@id\":\"https:\/\/xn--memoriademocraticadepearroyapueblonuevo-1yd.es\/index.php\/2022\/03\/09\/los-restos-recuperados-de-las-fosas-de-cordoba-no-alcanzan-aun-el-10\/#breadcrumb\"},\"inLanguage\":\"es\",\"potentialAction\":[{\"@type\":\"ReadAction\",\"target\":[\"https:\/\/xn--memoriademocraticadepearroyapueblonuevo-1yd.es\/index.php\/2022\/03\/09\/los-restos-recuperados-de-las-fosas-de-cordoba-no-alcanzan-aun-el-10\/\"]}]},{\"@type\":\"ImageObject\",\"inLanguage\":\"es\",\"@id\":\"https:\/\/xn--memoriademocraticadepearroyapueblonuevo-1yd.es\/index.php\/2022\/03\/09\/los-restos-recuperados-de-las-fosas-de-cordoba-no-alcanzan-aun-el-10\/#primaryimage\",\"url\":\"https:\/\/xn--memoriademocraticadepearroyapueblonuevo-1yd.es\/wp-content\/uploads\/2022\/03\/bd9e104c-4b38-4ef2-ac3a-8a4726644098_16-9-discover-aspect-ratio_default_0.jpg\",\"contentUrl\":\"https:\/\/xn--memoriademocraticadepearroyapueblonuevo-1yd.es\/wp-content\/uploads\/2022\/03\/bd9e104c-4b38-4ef2-ac3a-8a4726644098_16-9-discover-aspect-ratio_default_0.jpg\",\"width\":1200,\"height\":675},{\"@type\":\"BreadcrumbList\",\"@id\":\"https:\/\/xn--memoriademocraticadepearroyapueblonuevo-1yd.es\/index.php\/2022\/03\/09\/los-restos-recuperados-de-las-fosas-de-cordoba-no-alcanzan-aun-el-10\/#breadcrumb\",\"itemListElement\":[{\"@type\":\"ListItem\",\"position\":1,\"name\":\"Portada\",\"item\":\"https:\/\/xn--memoriademocraticadepearroyapueblonuevo-1yd.es\/\"},{\"@type\":\"ListItem\",\"position\":2,\"name\":\"Los restos recuperados de las fosas de C\u00f3rdoba no alcanzan a\u00fan el 10%\"}]},{\"@type\":\"WebSite\",\"@id\":\"https:\/\/xn--memoriademocraticadepearroyapueblonuevo-1yd.es\/#website\",\"url\":\"https:\/\/xn--memoriademocraticadepearroyapueblonuevo-1yd.es\/\",\"name\":\"Memoria democr&aacute;tica del Guadiato\",\"description\":\"Memoria democr&aacute;tica del Guadiato\",\"potentialAction\":[{\"@type\":\"SearchAction\",\"target\":{\"@type\":\"EntryPoint\",\"urlTemplate\":\"https:\/\/xn--memoriademocraticadepearroyapueblonuevo-1yd.es\/?s={search_term_string}\"},\"query-input\":{\"@type\":\"PropertyValueSpecification\",\"valueRequired\":true,\"valueName\":\"search_term_string\"}}],\"inLanguage\":\"es\"},{\"@type\":\"Person\",\"@id\":\"https:\/\/xn--memoriademocraticadepearroyapueblonuevo-1yd.es\/#\/schema\/person\/6b3171435f012d1dd11f8802ca2efb59\",\"name\":\"admin\",\"image\":{\"@type\":\"ImageObject\",\"inLanguage\":\"es\",\"@id\":\"https:\/\/secure.gravatar.com\/avatar\/40bff365fb13a637105976d970b2ec28d48204cfb513ca76a4ff31d222d10962?s=96&d=mm&r=g\",\"url\":\"https:\/\/secure.gravatar.com\/avatar\/40bff365fb13a637105976d970b2ec28d48204cfb513ca76a4ff31d222d10962?s=96&d=mm&r=g\",\"contentUrl\":\"https:\/\/secure.gravatar.com\/avatar\/40bff365fb13a637105976d970b2ec28d48204cfb513ca76a4ff31d222d10962?s=96&d=mm&r=g\",\"caption\":\"admin\"},\"sameAs\":[\"https:\/\/xn--memoriademocraticadepearroyapueblonuevo-1yd.es\"],\"url\":\"https:\/\/xn--memoriademocraticadepearroyapueblonuevo-1yd.es\/index.php\/author\/admin\/\"}]}<\/script>\n<!-- \/ Yoast SEO plugin. -->","yoast_head_json":{"title":"Los restos recuperados de las fosas de C\u00f3rdoba no alcanzan a\u00fan el 10%","description":"La Diputaci\u00f3n tiene localizados 79 enterramientos comunes en distintos pueblos de la provincia | La de Hinojosa del Duque...","robots":{"index":"index","follow":"follow","max-snippet":"max-snippet:-1","max-image-preview":"max-image-preview:large","max-video-preview":"max-video-preview:-1"},"canonical":"https:\/\/xn--memoriademocraticadepearroyapueblonuevo-1yd.es\/index.php\/2022\/03\/09\/los-restos-recuperados-de-las-fosas-de-cordoba-no-alcanzan-aun-el-10\/","og_locale":"es_ES","og_type":"article","og_title":"Los restos recuperados de las fosas de C\u00f3rdoba no alcanzan a\u00fan el 10%","og_description":"La Diputaci\u00f3n tiene localizados 79 enterramientos comunes en distintos pueblos de la provincia | La de Hinojosa del Duque...","og_url":"https:\/\/xn--memoriademocraticadepearroyapueblonuevo-1yd.es\/index.php\/2022\/03\/09\/los-restos-recuperados-de-las-fosas-de-cordoba-no-alcanzan-aun-el-10\/","og_site_name":"Memoria democr&aacute;tica del Guadiato","article_published_time":"2022-03-09T19:26:42+00:00","article_modified_time":"2022-05-09T08:49:28+00:00","og_image":[{"width":1200,"height":675,"url":"https:\/\/xn--memoriademocraticadepearroyapueblonuevo-1yd.es\/wp-content\/uploads\/2022\/03\/bd9e104c-4b38-4ef2-ac3a-8a4726644098_16-9-discover-aspect-ratio_default_0.jpg","type":"image\/jpeg"}],"author":"admin","twitter_card":"summary_large_image","twitter_misc":{"Escrito por":"admin","Tiempo de lectura":"5 minutos"},"schema":{"@context":"https:\/\/schema.org","@graph":[{"@type":"Article","@id":"https:\/\/xn--memoriademocraticadepearroyapueblonuevo-1yd.es\/index.php\/2022\/03\/09\/los-restos-recuperados-de-las-fosas-de-cordoba-no-alcanzan-aun-el-10\/#article","isPartOf":{"@id":"https:\/\/xn--memoriademocraticadepearroyapueblonuevo-1yd.es\/index.php\/2022\/03\/09\/los-restos-recuperados-de-las-fosas-de-cordoba-no-alcanzan-aun-el-10\/"},"author":{"name":"admin","@id":"https:\/\/xn--memoriademocraticadepearroyapueblonuevo-1yd.es\/#\/schema\/person\/6b3171435f012d1dd11f8802ca2efb59"},"headline":"Los restos recuperados de las fosas de C\u00f3rdoba no alcanzan a\u00fan el 10%","datePublished":"2022-03-09T19:26:42+00:00","dateModified":"2022-05-09T08:49:28+00:00","mainEntityOfPage":{"@id":"https:\/\/xn--memoriademocraticadepearroyapueblonuevo-1yd.es\/index.php\/2022\/03\/09\/los-restos-recuperados-de-las-fosas-de-cordoba-no-alcanzan-aun-el-10\/"},"wordCount":1124,"image":{"@id":"https:\/\/xn--memoriademocraticadepearroyapueblonuevo-1yd.es\/index.php\/2022\/03\/09\/los-restos-recuperados-de-las-fosas-de-cordoba-no-alcanzan-aun-el-10\/#primaryimage"},"thumbnailUrl":"https:\/\/xn--memoriademocraticadepearroyapueblonuevo-1yd.es\/wp-content\/uploads\/2022\/03\/bd9e104c-4b38-4ef2-ac3a-8a4726644098_16-9-discover-aspect-ratio_default_0.jpg","keywords":["Noticias"],"articleSection":["Noticias"],"inLanguage":"es"},{"@type":"WebPage","@id":"https:\/\/xn--memoriademocraticadepearroyapueblonuevo-1yd.es\/index.php\/2022\/03\/09\/los-restos-recuperados-de-las-fosas-de-cordoba-no-alcanzan-aun-el-10\/","url":"https:\/\/xn--memoriademocraticadepearroyapueblonuevo-1yd.es\/index.php\/2022\/03\/09\/los-restos-recuperados-de-las-fosas-de-cordoba-no-alcanzan-aun-el-10\/","name":"Los restos recuperados de las fosas de C\u00f3rdoba no alcanzan a\u00fan el 10%","isPartOf":{"@id":"https:\/\/xn--memoriademocraticadepearroyapueblonuevo-1yd.es\/#website"},"primaryImageOfPage":{"@id":"https:\/\/xn--memoriademocraticadepearroyapueblonuevo-1yd.es\/index.php\/2022\/03\/09\/los-restos-recuperados-de-las-fosas-de-cordoba-no-alcanzan-aun-el-10\/#primaryimage"},"image":{"@id":"https:\/\/xn--memoriademocraticadepearroyapueblonuevo-1yd.es\/index.php\/2022\/03\/09\/los-restos-recuperados-de-las-fosas-de-cordoba-no-alcanzan-aun-el-10\/#primaryimage"},"thumbnailUrl":"https:\/\/xn--memoriademocraticadepearroyapueblonuevo-1yd.es\/wp-content\/uploads\/2022\/03\/bd9e104c-4b38-4ef2-ac3a-8a4726644098_16-9-discover-aspect-ratio_default_0.jpg","datePublished":"2022-03-09T19:26:42+00:00","dateModified":"2022-05-09T08:49:28+00:00","author":{"@id":"https:\/\/xn--memoriademocraticadepearroyapueblonuevo-1yd.es\/#\/schema\/person\/6b3171435f012d1dd11f8802ca2efb59"},"description":"La Diputaci\u00f3n tiene localizados 79 enterramientos comunes en distintos pueblos de la provincia | La de Hinojosa del Duque...","breadcrumb":{"@id":"https:\/\/xn--memoriademocraticadepearroyapueblonuevo-1yd.es\/index.php\/2022\/03\/09\/los-restos-recuperados-de-las-fosas-de-cordoba-no-alcanzan-aun-el-10\/#breadcrumb"},"inLanguage":"es","potentialAction":[{"@type":"ReadAction","target":["https:\/\/xn--memoriademocraticadepearroyapueblonuevo-1yd.es\/index.php\/2022\/03\/09\/los-restos-recuperados-de-las-fosas-de-cordoba-no-alcanzan-aun-el-10\/"]}]},{"@type":"ImageObject","inLanguage":"es","@id":"https:\/\/xn--memoriademocraticadepearroyapueblonuevo-1yd.es\/index.php\/2022\/03\/09\/los-restos-recuperados-de-las-fosas-de-cordoba-no-alcanzan-aun-el-10\/#primaryimage","url":"https:\/\/xn--memoriademocraticadepearroyapueblonuevo-1yd.es\/wp-content\/uploads\/2022\/03\/bd9e104c-4b38-4ef2-ac3a-8a4726644098_16-9-discover-aspect-ratio_default_0.jpg","contentUrl":"https:\/\/xn--memoriademocraticadepearroyapueblonuevo-1yd.es\/wp-content\/uploads\/2022\/03\/bd9e104c-4b38-4ef2-ac3a-8a4726644098_16-9-discover-aspect-ratio_default_0.jpg","width":1200,"height":675},{"@type":"BreadcrumbList","@id":"https:\/\/xn--memoriademocraticadepearroyapueblonuevo-1yd.es\/index.php\/2022\/03\/09\/los-restos-recuperados-de-las-fosas-de-cordoba-no-alcanzan-aun-el-10\/#breadcrumb","itemListElement":[{"@type":"ListItem","position":1,"name":"Portada","item":"https:\/\/xn--memoriademocraticadepearroyapueblonuevo-1yd.es\/"},{"@type":"ListItem","position":2,"name":"Los restos recuperados de las fosas de C\u00f3rdoba no alcanzan a\u00fan el 10%"}]},{"@type":"WebSite","@id":"https:\/\/xn--memoriademocraticadepearroyapueblonuevo-1yd.es\/#website","url":"https:\/\/xn--memoriademocraticadepearroyapueblonuevo-1yd.es\/","name":"Memoria democr&aacute;tica del Guadiato","description":"Memoria democr&aacute;tica del Guadiato","potentialAction":[{"@type":"SearchAction","target":{"@type":"EntryPoint","urlTemplate":"https:\/\/xn--memoriademocraticadepearroyapueblonuevo-1yd.es\/?s={search_term_string}"},"query-input":{"@type":"PropertyValueSpecification","valueRequired":true,"valueName":"search_term_string"}}],"inLanguage":"es"},{"@type":"Person","@id":"https:\/\/xn--memoriademocraticadepearroyapueblonuevo-1yd.es\/#\/schema\/person\/6b3171435f012d1dd11f8802ca2efb59","name":"admin","image":{"@type":"ImageObject","inLanguage":"es","@id":"https:\/\/secure.gravatar.com\/avatar\/40bff365fb13a637105976d970b2ec28d48204cfb513ca76a4ff31d222d10962?s=96&d=mm&r=g","url":"https:\/\/secure.gravatar.com\/avatar\/40bff365fb13a637105976d970b2ec28d48204cfb513ca76a4ff31d222d10962?s=96&d=mm&r=g","contentUrl":"https:\/\/secure.gravatar.com\/avatar\/40bff365fb13a637105976d970b2ec28d48204cfb513ca76a4ff31d222d10962?s=96&d=mm&r=g","caption":"admin"},"sameAs":["https:\/\/xn--memoriademocraticadepearroyapueblonuevo-1yd.es"],"url":"https:\/\/xn--memoriademocraticadepearroyapueblonuevo-1yd.es\/index.php\/author\/admin\/"}]}},"_links":{"self":[{"href":"https:\/\/xn--memoriademocraticadepearroyapueblonuevo-1yd.es\/index.php\/wp-json\/wp\/v2\/posts\/1358","targetHints":{"allow":["GET"]}}],"collection":[{"href":"https:\/\/xn--memoriademocraticadepearroyapueblonuevo-1yd.es\/index.php\/wp-json\/wp\/v2\/posts"}],"about":[{"href":"https:\/\/xn--memoriademocraticadepearroyapueblonuevo-1yd.es\/index.php\/wp-json\/wp\/v2\/types\/post"}],"author":[{"embeddable":true,"href":"https:\/\/xn--memoriademocraticadepearroyapueblonuevo-1yd.es\/index.php\/wp-json\/wp\/v2\/users\/1"}],"replies":[{"embeddable":true,"href":"https:\/\/xn--memoriademocraticadepearroyapueblonuevo-1yd.es\/index.php\/wp-json\/wp\/v2\/comments?post=1358"}],"version-history":[{"count":2,"href":"https:\/\/xn--memoriademocraticadepearroyapueblonuevo-1yd.es\/index.php\/wp-json\/wp\/v2\/posts\/1358\/revisions"}],"predecessor-version":[{"id":1611,"href":"https:\/\/xn--memoriademocraticadepearroyapueblonuevo-1yd.es\/index.php\/wp-json\/wp\/v2\/posts\/1358\/revisions\/1611"}],"wp:featuredmedia":[{"embeddable":true,"href":"https:\/\/xn--memoriademocraticadepearroyapueblonuevo-1yd.es\/index.php\/wp-json\/wp\/v2\/media\/1359"}],"wp:attachment":[{"href":"https:\/\/xn--memoriademocraticadepearroyapueblonuevo-1yd.es\/index.php\/wp-json\/wp\/v2\/media?parent=1358"}],"wp:term":[{"taxonomy":"category","embeddable":true,"href":"https:\/\/xn--memoriademocraticadepearroyapueblonuevo-1yd.es\/index.php\/wp-json\/wp\/v2\/categories?post=1358"},{"taxonomy":"post_tag","embeddable":true,"href":"https:\/\/xn--memoriademocraticadepearroyapueblonuevo-1yd.es\/index.php\/wp-json\/wp\/v2\/tags?post=1358"}],"curies":[{"name":"wp","href":"https:\/\/api.w.org\/{rel}","templated":true}]}}