{"id":1355,"date":"2022-03-09T19:23:23","date_gmt":"2022-03-09T19:23:23","guid":{"rendered":"https:\/\/xn--memoriademocraticadepearroyapueblonuevo-1yd.es\/?p=1355"},"modified":"2022-05-09T08:49:28","modified_gmt":"2022-05-09T08:49:28","slug":"cordoba-tendra-una-oficina-de-atencion-ciudadana-para-las-exhumaciones","status":"publish","type":"post","link":"https:\/\/xn--memoriademocraticadepearroyapueblonuevo-1yd.es\/index.php\/2022\/03\/09\/cordoba-tendra-una-oficina-de-atencion-ciudadana-para-las-exhumaciones\/","title":{"rendered":"C\u00f3rdoba tendr\u00e1 una oficina de atenci\u00f3n ciudadana para las exhumaciones"},"content":{"rendered":"\n<h4 class=\"wp-block-heading\">El concejal Antonio \u00c1lvarez asegura que las contrataciones para desarrollar los trabajos en los cementerios de la Salud y San Rafael deben sacarse en 2022<\/h4>\n\n\n\n<p>La ciudad de&nbsp;<strong>C\u00f3rdoba tendr\u00e1 una oficina de atenci\u00f3n ciudadana para las exhumaciones<\/strong>. La comisi\u00f3n t\u00e9cnica sobre&nbsp;<a href=\"https:\/\/www.diariocordoba.com\/tags\/memoria-historica\/\">memoria hist\u00f3rica<\/a>reunida esta ma\u00f1ana en el&nbsp;<a href=\"https:\/\/www.diariocordoba.com\/tags\/ayuntamiento-de-cordoba\/\">Ayuntamiento de C\u00f3rdoba<\/a>&nbsp;y en la que est\u00e1n representadas todas las administraciones que rubricaron&nbsp;<strong>el protocolo para las exhumaciones de la capital&nbsp;<\/strong>(Gobierno de Espa\u00f1a, Junta de Andaluc\u00eda, Diputaci\u00f3n de C\u00f3rdoba y Ayuntamiento), ha tomado esa decisi\u00f3n de crear una oficina f\u00edsica que tendr\u00e1 tambi\u00e9n presencia en internet. El concejal de Gesti\u00f3n y presidente de Cecosam,&nbsp;<a href=\"https:\/\/www.diariocordoba.com\/tags\/antonio-alvarez\/\">Antonio \u00c1lvarez,<\/a>&nbsp;inform\u00f3 al t\u00e9rmino de la reuni\u00f3n que para hacer posible esa oficina se ampliar\u00e1 la finalidad de la subvenci\u00f3n nominativa que concede el Gobierno de Espa\u00f1a al Consistorio este a\u00f1o, que asciende a 275.000 euros, y que se suma a la primera entrega de 125.000 euros del 2021.&nbsp;<a href=\"https:\/\/www.diariocordoba.com\/cordoba-ciudad\/2021\/12\/29\/trabajos-exhumaciones-fosas-cordoba-capital-61122253.html\">Todas las administraciones aportar\u00e1n 400.000 euros.<\/a><\/p>\n\n\n\n<p>Los miembros de la comisi\u00f3n t\u00e9cnica han acordado que la futura oficina se encuentre cerca del cementerio de La Salud y se barajan&nbsp;<strong>dos posibles ubicaciones: el centro c\u00edvico Poniente Sur o centro c\u00edvico Sebasti\u00e1n Cuevas.<\/strong>&nbsp;Adem\u00e1s de la atenci\u00f3n ciudadana, la oficina podr\u00eda gestionar la obtenci\u00f3n de muestras gen\u00e9ticas y coordinar la informaci\u00f3n que se ofrezca a la ciudadan\u00eda. Para ello se ha pensado hacer un convenio de colaboraci\u00f3n con la C\u00e1tedra de Memoria Hist\u00f3rica de C\u00f3rdoba.<\/p>\n\n\n\n<p>Las instituciones disponen ya de financiaci\u00f3n y marco legal para iniciar las tan esperadas exhumaciones en C\u00f3rdoba, que llevan reclamando las asociaciones memorialistas, como&nbsp;<strong>Dejadnos Llorar<\/strong>, desde hace a\u00f1os. Precisamente, el secretario de Estado de Memoria Democr\u00e1tica, Fernando Mart\u00ednez, puso en valor el empe\u00f1o de estas asociaciones que son las responsables de que se haya llegado a este punto. Por su parte, Ram\u00f3n Hern\u00e1ndez, diputado responsable de Memoria Hist\u00f3rica en la Diputaci\u00f3n, subray\u00f3 la importancia de que la oficina que se cree tenga presencia f\u00edsica para poder atender sobre todo a las personas m\u00e1s mayores y que se d\u00e9 m\u00e1s informaci\u00f3n a trav\u00e9s de una web, donde puedan ir volc\u00e1ndose los avances que se vayan haciendo en C\u00f3rdoba. La Diputaci\u00f3n de C\u00f3rdoba extender\u00e1 la informaci\u00f3n a trav\u00e9s de los diferentes municipios de la provincia de C\u00f3rdoba.<\/p>\n\n\n\n<h2 class=\"wp-block-heading\">Redacci\u00f3n de los pliegos de contrataci\u00f3n<\/h2>\n\n\n\n<p>\u00c1lvarez inform\u00f3 de que ahora<strong>&nbsp;lo m\u00e1s urgente es iniciar la redacci\u00f3n de los pliegos para la contrataci\u00f3n de estos trabajos,<\/strong>&nbsp;que deber\u00e1n adjudicarse por lotes. Esta urgencia no se debe solo al retraso hist\u00f3rico que acumulan los trabajos de recuperaci\u00f3n e identificaci\u00f3n de v\u00edctimas del franquismo, si no tambi\u00e9n a la necesidad de justificar ante la intervenci\u00f3n y antes del fin de a\u00f1o las subvenciones y l\u00edneas de ayudas aportadas por las administraciones con este fin. Las identificaciones gen\u00e9ticas de los restos y el ADN de las familias se llevar\u00e1n a cabo por parte del Departamento de Medicina Legal, Toxicolog\u00eda y Antropolog\u00eda F\u00edsica de la Universidad de Granada.&nbsp;<\/p>\n\n\n\n<p>En la Comisi\u00f3n de Seguimiento de Memoria Democr\u00e1tica han estado presentes, en representaci\u00f3n del Ministerio de Presidencia, Relaciones con las Cortes y Memoria Democr\u00e1tica, su director general de Memoria Democr\u00e1ctica, Diego Bl\u00e1zquez; en representaci\u00f3n de la Consejer\u00eda de Cultura y Patrimonio Hist\u00f3rico de la Junta de Andaluc\u00eda, su viceconsejero de Cultura y Patrimonio Hist\u00f3rico, Francisco Javier Arroyo; en representaci\u00f3n de la Diputaci\u00f3n de C\u00f3rdoba, su diputado provincial delegado especial de Memoria Democr\u00e1ctica, Ram\u00f3n Hern\u00e1ndez; y en representaci\u00f3n del Ayuntamiento de C\u00f3rdoba, el teniente de alcalde delegado de Infraestructuras, Sostenibilidad y Medio Ambiente, Antonio \u00c1lvarez<\/p>\n\n\n\n<p><a href=\"https:\/\/www.diariocordoba.com\/cordoba-ciudad\/2022\/03\/03\/cordoba-tendra-oficina-atencion-ciudadana-63395065.html\" target=\"_blank\" rel=\"noreferrer noopener\">Noticia extra\u00edda del Diario C\u00f3rdoba<\/a><\/p>\n","protected":false},"excerpt":{"rendered":"<p>El concejal Antonio \u00c1lvarez asegura que las contrataciones para desarrollar los trabajos en los cementerios de la Salud y San Rafael deben sacarse en 2022 La ciudad de&nbsp;C\u00f3rdoba tendr\u00e1 una oficina de atenci\u00f3n ciudadana para las exhumaciones. La comisi\u00f3n t\u00e9cnica sobre&nbsp;memoria hist\u00f3ricareunida esta ma\u00f1ana en&hellip;<\/p>\n","protected":false},"author":1,"featured_media":1356,"comment_status":"closed","ping_status":"open","sticky":false,"template":"","format":"standard","meta":{"_exactmetrics_skip_tracking":false,"_exactmetrics_sitenote_active":false,"_exactmetrics_sitenote_note":"","_exactmetrics_sitenote_category":0,"footnotes":""},"categories":[9],"tags":[46],"class_list":["post-1355","post","type-post","status-publish","format-standard","has-post-thumbnail","hentry","category-noticias","tag-noticias"],"yoast_head":"<!-- This site is optimized with the Yoast SEO plugin v27.2 - https:\/\/yoast.com\/product\/yoast-seo-wordpress\/ -->\n<title>C\u00f3rdoba tendr\u00e1 una oficina de atenci\u00f3n ciudadana para las exhumaciones<\/title>\n<meta name=\"description\" content=\"El concejal Antonio \u00c1lvarez asegura que las contrataciones para desarrollar los trabajos en los cementerios de la Salud y San Rafael deben sacarse en 2022...\" \/>\n<meta name=\"robots\" content=\"index, follow, max-snippet:-1, max-image-preview:large, max-video-preview:-1\" \/>\n<link rel=\"canonical\" href=\"https:\/\/xn--memoriademocraticadepearroyapueblonuevo-1yd.es\/index.php\/2022\/03\/09\/cordoba-tendra-una-oficina-de-atencion-ciudadana-para-las-exhumaciones\/\" \/>\n<meta property=\"og:locale\" content=\"es_ES\" \/>\n<meta property=\"og:type\" content=\"article\" \/>\n<meta property=\"og:title\" content=\"C\u00f3rdoba tendr\u00e1 una oficina de atenci\u00f3n ciudadana para las exhumaciones\" \/>\n<meta property=\"og:description\" content=\"El concejal Antonio \u00c1lvarez asegura que las contrataciones para desarrollar los trabajos en los cementerios de la Salud y San Rafael deben sacarse en 2022...\" \/>\n<meta property=\"og:url\" content=\"https:\/\/xn--memoriademocraticadepearroyapueblonuevo-1yd.es\/index.php\/2022\/03\/09\/cordoba-tendra-una-oficina-de-atencion-ciudadana-para-las-exhumaciones\/\" \/>\n<meta property=\"og:site_name\" content=\"Memoria democr&aacute;tica del Guadiato\" \/>\n<meta property=\"article:published_time\" content=\"2022-03-09T19:23:23+00:00\" \/>\n<meta property=\"article:modified_time\" content=\"2022-05-09T08:49:28+00:00\" \/>\n<meta property=\"og:image\" content=\"https:\/\/xn--memoriademocraticadepearroyapueblonuevo-1yd.es\/wp-content\/uploads\/2022\/03\/1480c324-7363-4ce1-9129-a5d0b0e6d721_16-9-discover-aspect-ratio_default_0.jpg\" \/>\n\t<meta property=\"og:image:width\" content=\"1200\" \/>\n\t<meta property=\"og:image:height\" content=\"675\" \/>\n\t<meta property=\"og:image:type\" content=\"image\/jpeg\" \/>\n<meta name=\"author\" content=\"admin\" \/>\n<meta name=\"twitter:card\" content=\"summary_large_image\" \/>\n<meta name=\"twitter:label1\" content=\"Escrito por\" \/>\n\t<meta name=\"twitter:data1\" content=\"admin\" \/>\n\t<meta name=\"twitter:label2\" content=\"Tiempo de lectura\" \/>\n\t<meta name=\"twitter:data2\" content=\"3 minutos\" \/>\n<script type=\"application\/ld+json\" class=\"yoast-schema-graph\">{\"@context\":\"https:\/\/schema.org\",\"@graph\":[{\"@type\":\"Article\",\"@id\":\"https:\/\/xn--memoriademocraticadepearroyapueblonuevo-1yd.es\/index.php\/2022\/03\/09\/cordoba-tendra-una-oficina-de-atencion-ciudadana-para-las-exhumaciones\/#article\",\"isPartOf\":{\"@id\":\"https:\/\/xn--memoriademocraticadepearroyapueblonuevo-1yd.es\/index.php\/2022\/03\/09\/cordoba-tendra-una-oficina-de-atencion-ciudadana-para-las-exhumaciones\/\"},\"author\":{\"name\":\"admin\",\"@id\":\"https:\/\/xn--memoriademocraticadepearroyapueblonuevo-1yd.es\/#\/schema\/person\/6b3171435f012d1dd11f8802ca2efb59\"},\"headline\":\"C\u00f3rdoba tendr\u00e1 una oficina de atenci\u00f3n ciudadana para las exhumaciones\",\"datePublished\":\"2022-03-09T19:23:23+00:00\",\"dateModified\":\"2022-05-09T08:49:28+00:00\",\"mainEntityOfPage\":{\"@id\":\"https:\/\/xn--memoriademocraticadepearroyapueblonuevo-1yd.es\/index.php\/2022\/03\/09\/cordoba-tendra-una-oficina-de-atencion-ciudadana-para-las-exhumaciones\/\"},\"wordCount\":710,\"image\":{\"@id\":\"https:\/\/xn--memoriademocraticadepearroyapueblonuevo-1yd.es\/index.php\/2022\/03\/09\/cordoba-tendra-una-oficina-de-atencion-ciudadana-para-las-exhumaciones\/#primaryimage\"},\"thumbnailUrl\":\"https:\/\/xn--memoriademocraticadepearroyapueblonuevo-1yd.es\/wp-content\/uploads\/2022\/03\/1480c324-7363-4ce1-9129-a5d0b0e6d721_16-9-discover-aspect-ratio_default_0.jpg\",\"keywords\":[\"Noticias\"],\"articleSection\":[\"Noticias\"],\"inLanguage\":\"es\"},{\"@type\":\"WebPage\",\"@id\":\"https:\/\/xn--memoriademocraticadepearroyapueblonuevo-1yd.es\/index.php\/2022\/03\/09\/cordoba-tendra-una-oficina-de-atencion-ciudadana-para-las-exhumaciones\/\",\"url\":\"https:\/\/xn--memoriademocraticadepearroyapueblonuevo-1yd.es\/index.php\/2022\/03\/09\/cordoba-tendra-una-oficina-de-atencion-ciudadana-para-las-exhumaciones\/\",\"name\":\"C\u00f3rdoba tendr\u00e1 una oficina de atenci\u00f3n ciudadana para las exhumaciones\",\"isPartOf\":{\"@id\":\"https:\/\/xn--memoriademocraticadepearroyapueblonuevo-1yd.es\/#website\"},\"primaryImageOfPage\":{\"@id\":\"https:\/\/xn--memoriademocraticadepearroyapueblonuevo-1yd.es\/index.php\/2022\/03\/09\/cordoba-tendra-una-oficina-de-atencion-ciudadana-para-las-exhumaciones\/#primaryimage\"},\"image\":{\"@id\":\"https:\/\/xn--memoriademocraticadepearroyapueblonuevo-1yd.es\/index.php\/2022\/03\/09\/cordoba-tendra-una-oficina-de-atencion-ciudadana-para-las-exhumaciones\/#primaryimage\"},\"thumbnailUrl\":\"https:\/\/xn--memoriademocraticadepearroyapueblonuevo-1yd.es\/wp-content\/uploads\/2022\/03\/1480c324-7363-4ce1-9129-a5d0b0e6d721_16-9-discover-aspect-ratio_default_0.jpg\",\"datePublished\":\"2022-03-09T19:23:23+00:00\",\"dateModified\":\"2022-05-09T08:49:28+00:00\",\"author\":{\"@id\":\"https:\/\/xn--memoriademocraticadepearroyapueblonuevo-1yd.es\/#\/schema\/person\/6b3171435f012d1dd11f8802ca2efb59\"},\"description\":\"El concejal Antonio \u00c1lvarez asegura que las contrataciones para desarrollar los trabajos en los cementerios de la Salud y San Rafael deben sacarse en 2022...\",\"breadcrumb\":{\"@id\":\"https:\/\/xn--memoriademocraticadepearroyapueblonuevo-1yd.es\/index.php\/2022\/03\/09\/cordoba-tendra-una-oficina-de-atencion-ciudadana-para-las-exhumaciones\/#breadcrumb\"},\"inLanguage\":\"es\",\"potentialAction\":[{\"@type\":\"ReadAction\",\"target\":[\"https:\/\/xn--memoriademocraticadepearroyapueblonuevo-1yd.es\/index.php\/2022\/03\/09\/cordoba-tendra-una-oficina-de-atencion-ciudadana-para-las-exhumaciones\/\"]}]},{\"@type\":\"ImageObject\",\"inLanguage\":\"es\",\"@id\":\"https:\/\/xn--memoriademocraticadepearroyapueblonuevo-1yd.es\/index.php\/2022\/03\/09\/cordoba-tendra-una-oficina-de-atencion-ciudadana-para-las-exhumaciones\/#primaryimage\",\"url\":\"https:\/\/xn--memoriademocraticadepearroyapueblonuevo-1yd.es\/wp-content\/uploads\/2022\/03\/1480c324-7363-4ce1-9129-a5d0b0e6d721_16-9-discover-aspect-ratio_default_0.jpg\",\"contentUrl\":\"https:\/\/xn--memoriademocraticadepearroyapueblonuevo-1yd.es\/wp-content\/uploads\/2022\/03\/1480c324-7363-4ce1-9129-a5d0b0e6d721_16-9-discover-aspect-ratio_default_0.jpg\",\"width\":1200,\"height\":675},{\"@type\":\"BreadcrumbList\",\"@id\":\"https:\/\/xn--memoriademocraticadepearroyapueblonuevo-1yd.es\/index.php\/2022\/03\/09\/cordoba-tendra-una-oficina-de-atencion-ciudadana-para-las-exhumaciones\/#breadcrumb\",\"itemListElement\":[{\"@type\":\"ListItem\",\"position\":1,\"name\":\"Portada\",\"item\":\"https:\/\/xn--memoriademocraticadepearroyapueblonuevo-1yd.es\/\"},{\"@type\":\"ListItem\",\"position\":2,\"name\":\"C\u00f3rdoba tendr\u00e1 una oficina de atenci\u00f3n ciudadana para las exhumaciones\"}]},{\"@type\":\"WebSite\",\"@id\":\"https:\/\/xn--memoriademocraticadepearroyapueblonuevo-1yd.es\/#website\",\"url\":\"https:\/\/xn--memoriademocraticadepearroyapueblonuevo-1yd.es\/\",\"name\":\"Memoria democr&aacute;tica del Guadiato\",\"description\":\"Memoria democr&aacute;tica del Guadiato\",\"potentialAction\":[{\"@type\":\"SearchAction\",\"target\":{\"@type\":\"EntryPoint\",\"urlTemplate\":\"https:\/\/xn--memoriademocraticadepearroyapueblonuevo-1yd.es\/?s={search_term_string}\"},\"query-input\":{\"@type\":\"PropertyValueSpecification\",\"valueRequired\":true,\"valueName\":\"search_term_string\"}}],\"inLanguage\":\"es\"},{\"@type\":\"Person\",\"@id\":\"https:\/\/xn--memoriademocraticadepearroyapueblonuevo-1yd.es\/#\/schema\/person\/6b3171435f012d1dd11f8802ca2efb59\",\"name\":\"admin\",\"image\":{\"@type\":\"ImageObject\",\"inLanguage\":\"es\",\"@id\":\"https:\/\/secure.gravatar.com\/avatar\/40bff365fb13a637105976d970b2ec28d48204cfb513ca76a4ff31d222d10962?s=96&d=mm&r=g\",\"url\":\"https:\/\/secure.gravatar.com\/avatar\/40bff365fb13a637105976d970b2ec28d48204cfb513ca76a4ff31d222d10962?s=96&d=mm&r=g\",\"contentUrl\":\"https:\/\/secure.gravatar.com\/avatar\/40bff365fb13a637105976d970b2ec28d48204cfb513ca76a4ff31d222d10962?s=96&d=mm&r=g\",\"caption\":\"admin\"},\"sameAs\":[\"https:\/\/xn--memoriademocraticadepearroyapueblonuevo-1yd.es\"],\"url\":\"https:\/\/xn--memoriademocraticadepearroyapueblonuevo-1yd.es\/index.php\/author\/admin\/\"}]}<\/script>\n<!-- \/ Yoast SEO plugin. -->","yoast_head_json":{"title":"C\u00f3rdoba tendr\u00e1 una oficina de atenci\u00f3n ciudadana para las exhumaciones","description":"El concejal Antonio \u00c1lvarez asegura que las contrataciones para desarrollar los trabajos en los cementerios de la Salud y San Rafael deben sacarse en 2022...","robots":{"index":"index","follow":"follow","max-snippet":"max-snippet:-1","max-image-preview":"max-image-preview:large","max-video-preview":"max-video-preview:-1"},"canonical":"https:\/\/xn--memoriademocraticadepearroyapueblonuevo-1yd.es\/index.php\/2022\/03\/09\/cordoba-tendra-una-oficina-de-atencion-ciudadana-para-las-exhumaciones\/","og_locale":"es_ES","og_type":"article","og_title":"C\u00f3rdoba tendr\u00e1 una oficina de atenci\u00f3n ciudadana para las exhumaciones","og_description":"El concejal Antonio \u00c1lvarez asegura que las contrataciones para desarrollar los trabajos en los cementerios de la Salud y San Rafael deben sacarse en 2022...","og_url":"https:\/\/xn--memoriademocraticadepearroyapueblonuevo-1yd.es\/index.php\/2022\/03\/09\/cordoba-tendra-una-oficina-de-atencion-ciudadana-para-las-exhumaciones\/","og_site_name":"Memoria democr&aacute;tica del Guadiato","article_published_time":"2022-03-09T19:23:23+00:00","article_modified_time":"2022-05-09T08:49:28+00:00","og_image":[{"width":1200,"height":675,"url":"https:\/\/xn--memoriademocraticadepearroyapueblonuevo-1yd.es\/wp-content\/uploads\/2022\/03\/1480c324-7363-4ce1-9129-a5d0b0e6d721_16-9-discover-aspect-ratio_default_0.jpg","type":"image\/jpeg"}],"author":"admin","twitter_card":"summary_large_image","twitter_misc":{"Escrito por":"admin","Tiempo de lectura":"3 minutos"},"schema":{"@context":"https:\/\/schema.org","@graph":[{"@type":"Article","@id":"https:\/\/xn--memoriademocraticadepearroyapueblonuevo-1yd.es\/index.php\/2022\/03\/09\/cordoba-tendra-una-oficina-de-atencion-ciudadana-para-las-exhumaciones\/#article","isPartOf":{"@id":"https:\/\/xn--memoriademocraticadepearroyapueblonuevo-1yd.es\/index.php\/2022\/03\/09\/cordoba-tendra-una-oficina-de-atencion-ciudadana-para-las-exhumaciones\/"},"author":{"name":"admin","@id":"https:\/\/xn--memoriademocraticadepearroyapueblonuevo-1yd.es\/#\/schema\/person\/6b3171435f012d1dd11f8802ca2efb59"},"headline":"C\u00f3rdoba tendr\u00e1 una oficina de atenci\u00f3n ciudadana para las exhumaciones","datePublished":"2022-03-09T19:23:23+00:00","dateModified":"2022-05-09T08:49:28+00:00","mainEntityOfPage":{"@id":"https:\/\/xn--memoriademocraticadepearroyapueblonuevo-1yd.es\/index.php\/2022\/03\/09\/cordoba-tendra-una-oficina-de-atencion-ciudadana-para-las-exhumaciones\/"},"wordCount":710,"image":{"@id":"https:\/\/xn--memoriademocraticadepearroyapueblonuevo-1yd.es\/index.php\/2022\/03\/09\/cordoba-tendra-una-oficina-de-atencion-ciudadana-para-las-exhumaciones\/#primaryimage"},"thumbnailUrl":"https:\/\/xn--memoriademocraticadepearroyapueblonuevo-1yd.es\/wp-content\/uploads\/2022\/03\/1480c324-7363-4ce1-9129-a5d0b0e6d721_16-9-discover-aspect-ratio_default_0.jpg","keywords":["Noticias"],"articleSection":["Noticias"],"inLanguage":"es"},{"@type":"WebPage","@id":"https:\/\/xn--memoriademocraticadepearroyapueblonuevo-1yd.es\/index.php\/2022\/03\/09\/cordoba-tendra-una-oficina-de-atencion-ciudadana-para-las-exhumaciones\/","url":"https:\/\/xn--memoriademocraticadepearroyapueblonuevo-1yd.es\/index.php\/2022\/03\/09\/cordoba-tendra-una-oficina-de-atencion-ciudadana-para-las-exhumaciones\/","name":"C\u00f3rdoba tendr\u00e1 una oficina de atenci\u00f3n ciudadana para las exhumaciones","isPartOf":{"@id":"https:\/\/xn--memoriademocraticadepearroyapueblonuevo-1yd.es\/#website"},"primaryImageOfPage":{"@id":"https:\/\/xn--memoriademocraticadepearroyapueblonuevo-1yd.es\/index.php\/2022\/03\/09\/cordoba-tendra-una-oficina-de-atencion-ciudadana-para-las-exhumaciones\/#primaryimage"},"image":{"@id":"https:\/\/xn--memoriademocraticadepearroyapueblonuevo-1yd.es\/index.php\/2022\/03\/09\/cordoba-tendra-una-oficina-de-atencion-ciudadana-para-las-exhumaciones\/#primaryimage"},"thumbnailUrl":"https:\/\/xn--memoriademocraticadepearroyapueblonuevo-1yd.es\/wp-content\/uploads\/2022\/03\/1480c324-7363-4ce1-9129-a5d0b0e6d721_16-9-discover-aspect-ratio_default_0.jpg","datePublished":"2022-03-09T19:23:23+00:00","dateModified":"2022-05-09T08:49:28+00:00","author":{"@id":"https:\/\/xn--memoriademocraticadepearroyapueblonuevo-1yd.es\/#\/schema\/person\/6b3171435f012d1dd11f8802ca2efb59"},"description":"El concejal Antonio \u00c1lvarez asegura que las contrataciones para desarrollar los trabajos en los cementerios de la Salud y San Rafael deben sacarse en 2022...","breadcrumb":{"@id":"https:\/\/xn--memoriademocraticadepearroyapueblonuevo-1yd.es\/index.php\/2022\/03\/09\/cordoba-tendra-una-oficina-de-atencion-ciudadana-para-las-exhumaciones\/#breadcrumb"},"inLanguage":"es","potentialAction":[{"@type":"ReadAction","target":["https:\/\/xn--memoriademocraticadepearroyapueblonuevo-1yd.es\/index.php\/2022\/03\/09\/cordoba-tendra-una-oficina-de-atencion-ciudadana-para-las-exhumaciones\/"]}]},{"@type":"ImageObject","inLanguage":"es","@id":"https:\/\/xn--memoriademocraticadepearroyapueblonuevo-1yd.es\/index.php\/2022\/03\/09\/cordoba-tendra-una-oficina-de-atencion-ciudadana-para-las-exhumaciones\/#primaryimage","url":"https:\/\/xn--memoriademocraticadepearroyapueblonuevo-1yd.es\/wp-content\/uploads\/2022\/03\/1480c324-7363-4ce1-9129-a5d0b0e6d721_16-9-discover-aspect-ratio_default_0.jpg","contentUrl":"https:\/\/xn--memoriademocraticadepearroyapueblonuevo-1yd.es\/wp-content\/uploads\/2022\/03\/1480c324-7363-4ce1-9129-a5d0b0e6d721_16-9-discover-aspect-ratio_default_0.jpg","width":1200,"height":675},{"@type":"BreadcrumbList","@id":"https:\/\/xn--memoriademocraticadepearroyapueblonuevo-1yd.es\/index.php\/2022\/03\/09\/cordoba-tendra-una-oficina-de-atencion-ciudadana-para-las-exhumaciones\/#breadcrumb","itemListElement":[{"@type":"ListItem","position":1,"name":"Portada","item":"https:\/\/xn--memoriademocraticadepearroyapueblonuevo-1yd.es\/"},{"@type":"ListItem","position":2,"name":"C\u00f3rdoba tendr\u00e1 una oficina de atenci\u00f3n ciudadana para las exhumaciones"}]},{"@type":"WebSite","@id":"https:\/\/xn--memoriademocraticadepearroyapueblonuevo-1yd.es\/#website","url":"https:\/\/xn--memoriademocraticadepearroyapueblonuevo-1yd.es\/","name":"Memoria democr&aacute;tica del Guadiato","description":"Memoria democr&aacute;tica del Guadiato","potentialAction":[{"@type":"SearchAction","target":{"@type":"EntryPoint","urlTemplate":"https:\/\/xn--memoriademocraticadepearroyapueblonuevo-1yd.es\/?s={search_term_string}"},"query-input":{"@type":"PropertyValueSpecification","valueRequired":true,"valueName":"search_term_string"}}],"inLanguage":"es"},{"@type":"Person","@id":"https:\/\/xn--memoriademocraticadepearroyapueblonuevo-1yd.es\/#\/schema\/person\/6b3171435f012d1dd11f8802ca2efb59","name":"admin","image":{"@type":"ImageObject","inLanguage":"es","@id":"https:\/\/secure.gravatar.com\/avatar\/40bff365fb13a637105976d970b2ec28d48204cfb513ca76a4ff31d222d10962?s=96&d=mm&r=g","url":"https:\/\/secure.gravatar.com\/avatar\/40bff365fb13a637105976d970b2ec28d48204cfb513ca76a4ff31d222d10962?s=96&d=mm&r=g","contentUrl":"https:\/\/secure.gravatar.com\/avatar\/40bff365fb13a637105976d970b2ec28d48204cfb513ca76a4ff31d222d10962?s=96&d=mm&r=g","caption":"admin"},"sameAs":["https:\/\/xn--memoriademocraticadepearroyapueblonuevo-1yd.es"],"url":"https:\/\/xn--memoriademocraticadepearroyapueblonuevo-1yd.es\/index.php\/author\/admin\/"}]}},"_links":{"self":[{"href":"https:\/\/xn--memoriademocraticadepearroyapueblonuevo-1yd.es\/index.php\/wp-json\/wp\/v2\/posts\/1355","targetHints":{"allow":["GET"]}}],"collection":[{"href":"https:\/\/xn--memoriademocraticadepearroyapueblonuevo-1yd.es\/index.php\/wp-json\/wp\/v2\/posts"}],"about":[{"href":"https:\/\/xn--memoriademocraticadepearroyapueblonuevo-1yd.es\/index.php\/wp-json\/wp\/v2\/types\/post"}],"author":[{"embeddable":true,"href":"https:\/\/xn--memoriademocraticadepearroyapueblonuevo-1yd.es\/index.php\/wp-json\/wp\/v2\/users\/1"}],"replies":[{"embeddable":true,"href":"https:\/\/xn--memoriademocraticadepearroyapueblonuevo-1yd.es\/index.php\/wp-json\/wp\/v2\/comments?post=1355"}],"version-history":[{"count":2,"href":"https:\/\/xn--memoriademocraticadepearroyapueblonuevo-1yd.es\/index.php\/wp-json\/wp\/v2\/posts\/1355\/revisions"}],"predecessor-version":[{"id":1610,"href":"https:\/\/xn--memoriademocraticadepearroyapueblonuevo-1yd.es\/index.php\/wp-json\/wp\/v2\/posts\/1355\/revisions\/1610"}],"wp:featuredmedia":[{"embeddable":true,"href":"https:\/\/xn--memoriademocraticadepearroyapueblonuevo-1yd.es\/index.php\/wp-json\/wp\/v2\/media\/1356"}],"wp:attachment":[{"href":"https:\/\/xn--memoriademocraticadepearroyapueblonuevo-1yd.es\/index.php\/wp-json\/wp\/v2\/media?parent=1355"}],"wp:term":[{"taxonomy":"category","embeddable":true,"href":"https:\/\/xn--memoriademocraticadepearroyapueblonuevo-1yd.es\/index.php\/wp-json\/wp\/v2\/categories?post=1355"},{"taxonomy":"post_tag","embeddable":true,"href":"https:\/\/xn--memoriademocraticadepearroyapueblonuevo-1yd.es\/index.php\/wp-json\/wp\/v2\/tags?post=1355"}],"curies":[{"name":"wp","href":"https:\/\/api.w.org\/{rel}","templated":true}]}}