{"id":1350,"date":"2022-03-09T12:22:05","date_gmt":"2022-03-09T12:22:05","guid":{"rendered":"https:\/\/xn--memoriademocraticadepearroyapueblonuevo-1yd.es\/?p=1350"},"modified":"2022-05-09T08:49:29","modified_gmt":"2022-05-09T08:49:29","slug":"memoria-democratica-hasta-el-ultimo-rincon-para-localizar-a-las-victimas-y-restablecer-su-dignidad","status":"publish","type":"post","link":"https:\/\/xn--memoriademocraticadepearroyapueblonuevo-1yd.es\/index.php\/2022\/03\/09\/memoria-democratica-hasta-el-ultimo-rincon-para-localizar-a-las-victimas-y-restablecer-su-dignidad\/","title":{"rendered":"Memoria democr\u00e1tica: hasta el \u00faltimo rinc\u00f3n para localizar a las v\u00edctimas y restablecer su dignidad"},"content":{"rendered":"\n<h3 class=\"wp-block-heading\"><strong>Investigaci\u00f3n, localizaci\u00f3n, exhumaci\u00f3n e identificaci\u00f3n de personas desaparecidas en fosas de la Guerra Civil y el franquismo son las actuaciones que los Gobiernos Locales podr\u00e1n llevar a cabo con apoyo econ\u00f3mico. El Ejecutivo destinar\u00e1, en una primera partida, 750.000 euros para un plan que la FEMP est\u00e1 dise\u00f1ando con el objetivo de impulsar la recuperaci\u00f3n de la memoria democr\u00e1tica desde las Entidades Locales, la \u201cred arterial\u201d para restablecer la dignidad de los desaparecidos y sus familias. Hablamos con algunas de esas Entidades.<\/strong><\/h3>\n\n\n\n<p>El Ministerio de la Presidencia, Relaciones con las Cortes y Memoria Democr\u00e1tica y la FEMP colaborar\u00e1n para llevar adelante \u201cactuaciones relacionadas con la memoria democr\u00e1tica\u201d. As\u00ed lo recoge el Real Decreto 887\/2020, de 6 de octubre, y as\u00ed lo anunciaron la titular del Ministerio, Carmen Calvo, y el Presidente de la Federaci\u00f3n, Abel Caballero.<\/p>\n\n\n\n<p>En el transcurso de un acto celebrado en la sede de la FEMP unos d\u00edas antes de la publicaci\u00f3n de la norma que prev\u00e9 destinar 750.000 euros al desarrollo de estos trabajos. En el transcurso del acto se puso de relieve la importancia de la \u201cred territorial\u201d que representan los Ayuntamientos, los \u201cmiles de Ayuntamientos de toda Espa\u00f1a que -en palabras del Presidente de la FEMP- quieren que se recupere esa parte de nuestra propia esencia que algunos intentan olvidar\u201d. A su juicio, la aportaci\u00f3n de recursos por parte del Gobierno es fundamental \u201cpara que los Ayuntamientos que lo deseen puedan utilizarlos de cara a recuperar lo que todav\u00eda permanece oculto en nuestra memoria democr\u00e1tica\u201d. La Vicepresidenta Primera del Gobierno, Carmen Calvo, tambi\u00e9n destac\u00f3 la relevancia de los Gobiernos Locales, ya que \u201cel trabajo que puede hacer la red arterial de nuestros Ayuntamientos es absolutamente capital para el trabajo desde el propio Gobierno de Espa\u00f1a\u201d porque para el Ejecutivo \u201ces muy importante llegar hasta el \u00faltimo rinc\u00f3n de nuestro pa\u00eds\u201d a trav\u00e9s de la actuaci\u00f3n de los Ayuntamientos.&nbsp;<\/p>\n\n\n\n<p>Es preciso seguir haciendo esfuerzos, asegur\u00f3, \u201cmuchos esfuerzos y r\u00e1pidos en nuestro pa\u00eds para llegar a las personas que todav\u00eda son v\u00edctimas directas de todas las circunstancias tr\u00e1gicas que queremos que formen parte de nuestro pasado, pero de manera digna, y para esto necesitamos seguir identificando fosas comunes, identificando restos de las personas que est\u00e1n desaparecidas, restituyendo su memoria y su dignidad y respetando a sus familias, que durante much\u00edsimas d\u00e9cadas han tenido que mantener la antorcha de recuerdo, en muchos casos en solitario, con extraordinaria paciencia y con gran generosidad para el buen nombre de nuestro pa\u00eds\u201d. Seg\u00fan la titular del Ministerio de la Presidencia, \u201cla memoria democr\u00e1tica es un gran asunto de la dignidad de un pa\u00eds pero, adem\u00e1s, es algo mucho m\u00e1s importante: es un derecho que tienen las v\u00edctimas y sus familias para poder estar en paz con su propia memoria familiar y para que este pa\u00eds tambi\u00e9n rinda tributo de dignidad y de agradecimiento a quienes en momentos muy tr\u00e1gicos de la historia de nuestro pa\u00eds pelearon por defender la legalidad, el orden constitucional y la democracia espa\u00f1ola en aquel momento\u201d.&nbsp;<\/p>\n\n\n\n<h2 class=\"wp-block-heading\"><strong>Plan de trabajo en tres meses<\/strong><\/h2>\n\n\n\n<p>El Real Decreto 887\/2020, que recoge estas cuestiones de manera espec\u00edfica y regula la concesi\u00f3n directa de una subvenci\u00f3n a la FEMP por importe de 750.000 euros \u201cpara la realizaci\u00f3n de actividades relacionadas con la recuperaci\u00f3n de la memoria democr\u00e1tica\u201d, aparece publicado en el BOE del 7 de octubre.&nbsp;<\/p>\n\n\n\n<p>La norma se\u00f1ala que la FEMP deber\u00e1 proponer un Plan de recuperaci\u00f3n de memoria democr\u00e1tica, que defina las actuaciones a llevar a cabo y el mecanismo previsto para la ejecuci\u00f3n de las mismas. A\u00f1ade que \u201clas actuaciones subvencionadas consistir\u00e1n en trabajos t\u00e9cnicos de investigaci\u00f3n, localizaci\u00f3n, exhumaci\u00f3n e identificaci\u00f3n de personas desaparecidas en fosas de la guerra civil y el franquismo\u201d, y subraya que todas estas actuaciones \u201cdeber\u00e1n desarrollarse y concluirse de acuerdo con lo establecido en el Protocolo de actuaci\u00f3n en exhumaciones de v\u00edctimas de la guerra civil y la dictadura\u201d.&nbsp;<\/p>\n\n\n\n<p>Este Plan de recuperaci\u00f3n deber\u00e1 someterse a la aprobaci\u00f3n del Ministerio de la Presidencia, Relaciones con las Cortes y Memoria Democr\u00e1tica, y deber\u00e1 proponerse en el plazo de tres meses siguientes a la notificaci\u00f3n de la resoluci\u00f3n de concesi\u00f3n. Es en esa resoluci\u00f3n donde quedar\u00e1n especificados los gastos que se subvencionan, as\u00ed como el importe m\u00e1ximo que puede destinarse a cada una de las actuaciones.&nbsp;<\/p>\n\n\n\n<p>\u201cLos resultados obtenidos a partir de los trabajos que hayan sido subvencionados deber\u00e1n plasmarse en un informe final, que ser\u00e1 entregado al Ministerio de la Presidencia, Relaciones con las Cortes y Memoria Democr\u00e1tica\u201d, recoge el Real Decreto. Este informe deber\u00e1 redactarse seg\u00fan lo establecido en el Protocolo de actuaci\u00f3n en exhumaciones de v\u00edctimas de la guerra civil y la dictadura. El RD se\u00f1ala tambi\u00e9n que el Ministerio de la Presidencia, Relaciones con las Cortes y Memoria Democr\u00e1tica y la FEMP distribuir\u00e1n conjuntamente el informe a los familiares, a las asociaciones interesadas o que hayan podido participar en las actuaciones, a la Entidad Local responsable o interviniente, y a la Comunidad Aut\u00f3noma donde se ubiquen los terrenos.&nbsp;<\/p>\n\n\n\n<p><a href=\"https:\/\/rs.cpse33.eu:2083\/cpsess8014946043\/frontend\/paper_lantern\/filemanager\/showfile.html?file=Memoria+Historia.pdf&amp;fileop=&amp;dir=%2Fhome%2Fmemoriademocrati%2Fpublic_html&amp;dirop=&amp;charset=&amp;file_charset=&amp;baseurl=&amp;basedir=\">Memoria Hist\u00f3rica en PDF<\/a><\/p>\n","protected":false},"excerpt":{"rendered":"<p>Investigaci\u00f3n, localizaci\u00f3n, exhumaci\u00f3n e identificaci\u00f3n de personas desaparecidas en fosas de la Guerra Civil y el franquismo son las actuaciones que los Gobiernos Locales podr\u00e1n llevar a cabo con apoyo econ\u00f3mico. El Ejecutivo destinar\u00e1, en una primera partida, 750.000 euros para un plan que la&hellip;<\/p>\n","protected":false},"author":1,"featured_media":1351,"comment_status":"closed","ping_status":"open","sticky":false,"template":"","format":"standard","meta":{"_exactmetrics_skip_tracking":false,"_exactmetrics_sitenote_active":false,"_exactmetrics_sitenote_note":"","_exactmetrics_sitenote_category":0,"footnotes":""},"categories":[8,9],"tags":[47,46],"class_list":["post-1350","post","type-post","status-publish","format-standard","has-post-thumbnail","hentry","category-documentacion","category-noticias","tag-documentacion","tag-noticias"],"yoast_head":"<!-- This site is optimized with the Yoast SEO plugin v27.2 - https:\/\/yoast.com\/product\/yoast-seo-wordpress\/ -->\n<title>Hasta el \u00faltimo rinc\u00f3n para localizar a las v\u00edctimas y restablecer su dignidad<\/title>\n<meta name=\"robots\" content=\"index, follow, max-snippet:-1, max-image-preview:large, max-video-preview:-1\" \/>\n<link rel=\"canonical\" href=\"https:\/\/xn--memoriademocraticadepearroyapueblonuevo-1yd.es\/index.php\/2022\/03\/09\/memoria-democratica-hasta-el-ultimo-rincon-para-localizar-a-las-victimas-y-restablecer-su-dignidad\/\" \/>\n<meta property=\"og:locale\" content=\"es_ES\" \/>\n<meta property=\"og:type\" content=\"article\" \/>\n<meta property=\"og:title\" content=\"Hasta el \u00faltimo rinc\u00f3n para localizar a las v\u00edctimas y restablecer su dignidad\" \/>\n<meta property=\"og:description\" content=\"Investigaci\u00f3n, localizaci\u00f3n, exhumaci\u00f3n e identificaci\u00f3n de personas desaparecidas en fosas de la Guerra Civil y el franquismo son las actuaciones que los Gobiernos Locales podr\u00e1n llevar a cabo con apoyo econ\u00f3mico. El Ejecutivo destinar\u00e1, en una primera partida, 750.000 euros para un plan que la&hellip;\" \/>\n<meta property=\"og:url\" content=\"https:\/\/xn--memoriademocraticadepearroyapueblonuevo-1yd.es\/index.php\/2022\/03\/09\/memoria-democratica-hasta-el-ultimo-rincon-para-localizar-a-las-victimas-y-restablecer-su-dignidad\/\" \/>\n<meta property=\"og:site_name\" content=\"Memoria democr&aacute;tica del Guadiato\" \/>\n<meta property=\"article:published_time\" content=\"2022-03-09T12:22:05+00:00\" \/>\n<meta property=\"article:modified_time\" content=\"2022-05-09T08:49:29+00:00\" \/>\n<meta property=\"og:image\" content=\"https:\/\/xn--memoriademocraticadepearroyapueblonuevo-1yd.es\/wp-content\/uploads\/2022\/03\/490x_abel-caballero-fondo-azul-ep.jpg\" \/>\n\t<meta property=\"og:image:width\" content=\"489\" \/>\n\t<meta property=\"og:image:height\" content=\"267\" \/>\n\t<meta property=\"og:image:type\" content=\"image\/jpeg\" \/>\n<meta name=\"author\" content=\"admin\" \/>\n<meta name=\"twitter:card\" content=\"summary_large_image\" \/>\n<meta name=\"twitter:label1\" content=\"Escrito por\" \/>\n\t<meta name=\"twitter:data1\" content=\"admin\" \/>\n\t<meta name=\"twitter:label2\" content=\"Tiempo de lectura\" \/>\n\t<meta name=\"twitter:data2\" content=\"4 minutos\" \/>\n<script type=\"application\/ld+json\" class=\"yoast-schema-graph\">{\"@context\":\"https:\/\/schema.org\",\"@graph\":[{\"@type\":\"Article\",\"@id\":\"https:\/\/xn--memoriademocraticadepearroyapueblonuevo-1yd.es\/index.php\/2022\/03\/09\/memoria-democratica-hasta-el-ultimo-rincon-para-localizar-a-las-victimas-y-restablecer-su-dignidad\/#article\",\"isPartOf\":{\"@id\":\"https:\/\/xn--memoriademocraticadepearroyapueblonuevo-1yd.es\/index.php\/2022\/03\/09\/memoria-democratica-hasta-el-ultimo-rincon-para-localizar-a-las-victimas-y-restablecer-su-dignidad\/\"},\"author\":{\"name\":\"admin\",\"@id\":\"https:\/\/xn--memoriademocraticadepearroyapueblonuevo-1yd.es\/#\/schema\/person\/6b3171435f012d1dd11f8802ca2efb59\"},\"headline\":\"Memoria democr\u00e1tica: hasta el \u00faltimo rinc\u00f3n para localizar a las v\u00edctimas y restablecer su dignidad\",\"datePublished\":\"2022-03-09T12:22:05+00:00\",\"dateModified\":\"2022-05-09T08:49:29+00:00\",\"mainEntityOfPage\":{\"@id\":\"https:\/\/xn--memoriademocraticadepearroyapueblonuevo-1yd.es\/index.php\/2022\/03\/09\/memoria-democratica-hasta-el-ultimo-rincon-para-localizar-a-las-victimas-y-restablecer-su-dignidad\/\"},\"wordCount\":933,\"image\":{\"@id\":\"https:\/\/xn--memoriademocraticadepearroyapueblonuevo-1yd.es\/index.php\/2022\/03\/09\/memoria-democratica-hasta-el-ultimo-rincon-para-localizar-a-las-victimas-y-restablecer-su-dignidad\/#primaryimage\"},\"thumbnailUrl\":\"https:\/\/xn--memoriademocraticadepearroyapueblonuevo-1yd.es\/wp-content\/uploads\/2022\/03\/490x_abel-caballero-fondo-azul-ep.jpg\",\"keywords\":[\"Documentaci\u00f3n\",\"Noticias\"],\"articleSection\":[\"Documentaci\u00f3n\",\"Noticias\"],\"inLanguage\":\"es\"},{\"@type\":\"WebPage\",\"@id\":\"https:\/\/xn--memoriademocraticadepearroyapueblonuevo-1yd.es\/index.php\/2022\/03\/09\/memoria-democratica-hasta-el-ultimo-rincon-para-localizar-a-las-victimas-y-restablecer-su-dignidad\/\",\"url\":\"https:\/\/xn--memoriademocraticadepearroyapueblonuevo-1yd.es\/index.php\/2022\/03\/09\/memoria-democratica-hasta-el-ultimo-rincon-para-localizar-a-las-victimas-y-restablecer-su-dignidad\/\",\"name\":\"Hasta el \u00faltimo rinc\u00f3n para localizar a las v\u00edctimas y restablecer su dignidad\",\"isPartOf\":{\"@id\":\"https:\/\/xn--memoriademocraticadepearroyapueblonuevo-1yd.es\/#website\"},\"primaryImageOfPage\":{\"@id\":\"https:\/\/xn--memoriademocraticadepearroyapueblonuevo-1yd.es\/index.php\/2022\/03\/09\/memoria-democratica-hasta-el-ultimo-rincon-para-localizar-a-las-victimas-y-restablecer-su-dignidad\/#primaryimage\"},\"image\":{\"@id\":\"https:\/\/xn--memoriademocraticadepearroyapueblonuevo-1yd.es\/index.php\/2022\/03\/09\/memoria-democratica-hasta-el-ultimo-rincon-para-localizar-a-las-victimas-y-restablecer-su-dignidad\/#primaryimage\"},\"thumbnailUrl\":\"https:\/\/xn--memoriademocraticadepearroyapueblonuevo-1yd.es\/wp-content\/uploads\/2022\/03\/490x_abel-caballero-fondo-azul-ep.jpg\",\"datePublished\":\"2022-03-09T12:22:05+00:00\",\"dateModified\":\"2022-05-09T08:49:29+00:00\",\"author\":{\"@id\":\"https:\/\/xn--memoriademocraticadepearroyapueblonuevo-1yd.es\/#\/schema\/person\/6b3171435f012d1dd11f8802ca2efb59\"},\"breadcrumb\":{\"@id\":\"https:\/\/xn--memoriademocraticadepearroyapueblonuevo-1yd.es\/index.php\/2022\/03\/09\/memoria-democratica-hasta-el-ultimo-rincon-para-localizar-a-las-victimas-y-restablecer-su-dignidad\/#breadcrumb\"},\"inLanguage\":\"es\",\"potentialAction\":[{\"@type\":\"ReadAction\",\"target\":[\"https:\/\/xn--memoriademocraticadepearroyapueblonuevo-1yd.es\/index.php\/2022\/03\/09\/memoria-democratica-hasta-el-ultimo-rincon-para-localizar-a-las-victimas-y-restablecer-su-dignidad\/\"]}]},{\"@type\":\"ImageObject\",\"inLanguage\":\"es\",\"@id\":\"https:\/\/xn--memoriademocraticadepearroyapueblonuevo-1yd.es\/index.php\/2022\/03\/09\/memoria-democratica-hasta-el-ultimo-rincon-para-localizar-a-las-victimas-y-restablecer-su-dignidad\/#primaryimage\",\"url\":\"https:\/\/xn--memoriademocraticadepearroyapueblonuevo-1yd.es\/wp-content\/uploads\/2022\/03\/490x_abel-caballero-fondo-azul-ep.jpg\",\"contentUrl\":\"https:\/\/xn--memoriademocraticadepearroyapueblonuevo-1yd.es\/wp-content\/uploads\/2022\/03\/490x_abel-caballero-fondo-azul-ep.jpg\",\"width\":489,\"height\":267},{\"@type\":\"BreadcrumbList\",\"@id\":\"https:\/\/xn--memoriademocraticadepearroyapueblonuevo-1yd.es\/index.php\/2022\/03\/09\/memoria-democratica-hasta-el-ultimo-rincon-para-localizar-a-las-victimas-y-restablecer-su-dignidad\/#breadcrumb\",\"itemListElement\":[{\"@type\":\"ListItem\",\"position\":1,\"name\":\"Portada\",\"item\":\"https:\/\/xn--memoriademocraticadepearroyapueblonuevo-1yd.es\/\"},{\"@type\":\"ListItem\",\"position\":2,\"name\":\"Memoria democr\u00e1tica: hasta el \u00faltimo rinc\u00f3n para localizar a las v\u00edctimas y restablecer su dignidad\"}]},{\"@type\":\"WebSite\",\"@id\":\"https:\/\/xn--memoriademocraticadepearroyapueblonuevo-1yd.es\/#website\",\"url\":\"https:\/\/xn--memoriademocraticadepearroyapueblonuevo-1yd.es\/\",\"name\":\"Memoria democr&aacute;tica del Guadiato\",\"description\":\"Memoria democr&aacute;tica del Guadiato\",\"potentialAction\":[{\"@type\":\"SearchAction\",\"target\":{\"@type\":\"EntryPoint\",\"urlTemplate\":\"https:\/\/xn--memoriademocraticadepearroyapueblonuevo-1yd.es\/?s={search_term_string}\"},\"query-input\":{\"@type\":\"PropertyValueSpecification\",\"valueRequired\":true,\"valueName\":\"search_term_string\"}}],\"inLanguage\":\"es\"},{\"@type\":\"Person\",\"@id\":\"https:\/\/xn--memoriademocraticadepearroyapueblonuevo-1yd.es\/#\/schema\/person\/6b3171435f012d1dd11f8802ca2efb59\",\"name\":\"admin\",\"image\":{\"@type\":\"ImageObject\",\"inLanguage\":\"es\",\"@id\":\"https:\/\/secure.gravatar.com\/avatar\/40bff365fb13a637105976d970b2ec28d48204cfb513ca76a4ff31d222d10962?s=96&d=mm&r=g\",\"url\":\"https:\/\/secure.gravatar.com\/avatar\/40bff365fb13a637105976d970b2ec28d48204cfb513ca76a4ff31d222d10962?s=96&d=mm&r=g\",\"contentUrl\":\"https:\/\/secure.gravatar.com\/avatar\/40bff365fb13a637105976d970b2ec28d48204cfb513ca76a4ff31d222d10962?s=96&d=mm&r=g\",\"caption\":\"admin\"},\"sameAs\":[\"https:\/\/xn--memoriademocraticadepearroyapueblonuevo-1yd.es\"],\"url\":\"https:\/\/xn--memoriademocraticadepearroyapueblonuevo-1yd.es\/index.php\/author\/admin\/\"}]}<\/script>\n<!-- \/ Yoast SEO plugin. -->","yoast_head_json":{"title":"Hasta el \u00faltimo rinc\u00f3n para localizar a las v\u00edctimas y restablecer su dignidad","robots":{"index":"index","follow":"follow","max-snippet":"max-snippet:-1","max-image-preview":"max-image-preview:large","max-video-preview":"max-video-preview:-1"},"canonical":"https:\/\/xn--memoriademocraticadepearroyapueblonuevo-1yd.es\/index.php\/2022\/03\/09\/memoria-democratica-hasta-el-ultimo-rincon-para-localizar-a-las-victimas-y-restablecer-su-dignidad\/","og_locale":"es_ES","og_type":"article","og_title":"Hasta el \u00faltimo rinc\u00f3n para localizar a las v\u00edctimas y restablecer su dignidad","og_description":"Investigaci\u00f3n, localizaci\u00f3n, exhumaci\u00f3n e identificaci\u00f3n de personas desaparecidas en fosas de la Guerra Civil y el franquismo son las actuaciones que los Gobiernos Locales podr\u00e1n llevar a cabo con apoyo econ\u00f3mico. El Ejecutivo destinar\u00e1, en una primera partida, 750.000 euros para un plan que la&hellip;","og_url":"https:\/\/xn--memoriademocraticadepearroyapueblonuevo-1yd.es\/index.php\/2022\/03\/09\/memoria-democratica-hasta-el-ultimo-rincon-para-localizar-a-las-victimas-y-restablecer-su-dignidad\/","og_site_name":"Memoria democr&aacute;tica del Guadiato","article_published_time":"2022-03-09T12:22:05+00:00","article_modified_time":"2022-05-09T08:49:29+00:00","og_image":[{"width":489,"height":267,"url":"https:\/\/xn--memoriademocraticadepearroyapueblonuevo-1yd.es\/wp-content\/uploads\/2022\/03\/490x_abel-caballero-fondo-azul-ep.jpg","type":"image\/jpeg"}],"author":"admin","twitter_card":"summary_large_image","twitter_misc":{"Escrito por":"admin","Tiempo de lectura":"4 minutos"},"schema":{"@context":"https:\/\/schema.org","@graph":[{"@type":"Article","@id":"https:\/\/xn--memoriademocraticadepearroyapueblonuevo-1yd.es\/index.php\/2022\/03\/09\/memoria-democratica-hasta-el-ultimo-rincon-para-localizar-a-las-victimas-y-restablecer-su-dignidad\/#article","isPartOf":{"@id":"https:\/\/xn--memoriademocraticadepearroyapueblonuevo-1yd.es\/index.php\/2022\/03\/09\/memoria-democratica-hasta-el-ultimo-rincon-para-localizar-a-las-victimas-y-restablecer-su-dignidad\/"},"author":{"name":"admin","@id":"https:\/\/xn--memoriademocraticadepearroyapueblonuevo-1yd.es\/#\/schema\/person\/6b3171435f012d1dd11f8802ca2efb59"},"headline":"Memoria democr\u00e1tica: hasta el \u00faltimo rinc\u00f3n para localizar a las v\u00edctimas y restablecer su dignidad","datePublished":"2022-03-09T12:22:05+00:00","dateModified":"2022-05-09T08:49:29+00:00","mainEntityOfPage":{"@id":"https:\/\/xn--memoriademocraticadepearroyapueblonuevo-1yd.es\/index.php\/2022\/03\/09\/memoria-democratica-hasta-el-ultimo-rincon-para-localizar-a-las-victimas-y-restablecer-su-dignidad\/"},"wordCount":933,"image":{"@id":"https:\/\/xn--memoriademocraticadepearroyapueblonuevo-1yd.es\/index.php\/2022\/03\/09\/memoria-democratica-hasta-el-ultimo-rincon-para-localizar-a-las-victimas-y-restablecer-su-dignidad\/#primaryimage"},"thumbnailUrl":"https:\/\/xn--memoriademocraticadepearroyapueblonuevo-1yd.es\/wp-content\/uploads\/2022\/03\/490x_abel-caballero-fondo-azul-ep.jpg","keywords":["Documentaci\u00f3n","Noticias"],"articleSection":["Documentaci\u00f3n","Noticias"],"inLanguage":"es"},{"@type":"WebPage","@id":"https:\/\/xn--memoriademocraticadepearroyapueblonuevo-1yd.es\/index.php\/2022\/03\/09\/memoria-democratica-hasta-el-ultimo-rincon-para-localizar-a-las-victimas-y-restablecer-su-dignidad\/","url":"https:\/\/xn--memoriademocraticadepearroyapueblonuevo-1yd.es\/index.php\/2022\/03\/09\/memoria-democratica-hasta-el-ultimo-rincon-para-localizar-a-las-victimas-y-restablecer-su-dignidad\/","name":"Hasta el \u00faltimo rinc\u00f3n para localizar a las v\u00edctimas y restablecer su dignidad","isPartOf":{"@id":"https:\/\/xn--memoriademocraticadepearroyapueblonuevo-1yd.es\/#website"},"primaryImageOfPage":{"@id":"https:\/\/xn--memoriademocraticadepearroyapueblonuevo-1yd.es\/index.php\/2022\/03\/09\/memoria-democratica-hasta-el-ultimo-rincon-para-localizar-a-las-victimas-y-restablecer-su-dignidad\/#primaryimage"},"image":{"@id":"https:\/\/xn--memoriademocraticadepearroyapueblonuevo-1yd.es\/index.php\/2022\/03\/09\/memoria-democratica-hasta-el-ultimo-rincon-para-localizar-a-las-victimas-y-restablecer-su-dignidad\/#primaryimage"},"thumbnailUrl":"https:\/\/xn--memoriademocraticadepearroyapueblonuevo-1yd.es\/wp-content\/uploads\/2022\/03\/490x_abel-caballero-fondo-azul-ep.jpg","datePublished":"2022-03-09T12:22:05+00:00","dateModified":"2022-05-09T08:49:29+00:00","author":{"@id":"https:\/\/xn--memoriademocraticadepearroyapueblonuevo-1yd.es\/#\/schema\/person\/6b3171435f012d1dd11f8802ca2efb59"},"breadcrumb":{"@id":"https:\/\/xn--memoriademocraticadepearroyapueblonuevo-1yd.es\/index.php\/2022\/03\/09\/memoria-democratica-hasta-el-ultimo-rincon-para-localizar-a-las-victimas-y-restablecer-su-dignidad\/#breadcrumb"},"inLanguage":"es","potentialAction":[{"@type":"ReadAction","target":["https:\/\/xn--memoriademocraticadepearroyapueblonuevo-1yd.es\/index.php\/2022\/03\/09\/memoria-democratica-hasta-el-ultimo-rincon-para-localizar-a-las-victimas-y-restablecer-su-dignidad\/"]}]},{"@type":"ImageObject","inLanguage":"es","@id":"https:\/\/xn--memoriademocraticadepearroyapueblonuevo-1yd.es\/index.php\/2022\/03\/09\/memoria-democratica-hasta-el-ultimo-rincon-para-localizar-a-las-victimas-y-restablecer-su-dignidad\/#primaryimage","url":"https:\/\/xn--memoriademocraticadepearroyapueblonuevo-1yd.es\/wp-content\/uploads\/2022\/03\/490x_abel-caballero-fondo-azul-ep.jpg","contentUrl":"https:\/\/xn--memoriademocraticadepearroyapueblonuevo-1yd.es\/wp-content\/uploads\/2022\/03\/490x_abel-caballero-fondo-azul-ep.jpg","width":489,"height":267},{"@type":"BreadcrumbList","@id":"https:\/\/xn--memoriademocraticadepearroyapueblonuevo-1yd.es\/index.php\/2022\/03\/09\/memoria-democratica-hasta-el-ultimo-rincon-para-localizar-a-las-victimas-y-restablecer-su-dignidad\/#breadcrumb","itemListElement":[{"@type":"ListItem","position":1,"name":"Portada","item":"https:\/\/xn--memoriademocraticadepearroyapueblonuevo-1yd.es\/"},{"@type":"ListItem","position":2,"name":"Memoria democr\u00e1tica: hasta el \u00faltimo rinc\u00f3n para localizar a las v\u00edctimas y restablecer su dignidad"}]},{"@type":"WebSite","@id":"https:\/\/xn--memoriademocraticadepearroyapueblonuevo-1yd.es\/#website","url":"https:\/\/xn--memoriademocraticadepearroyapueblonuevo-1yd.es\/","name":"Memoria democr&aacute;tica del Guadiato","description":"Memoria democr&aacute;tica del Guadiato","potentialAction":[{"@type":"SearchAction","target":{"@type":"EntryPoint","urlTemplate":"https:\/\/xn--memoriademocraticadepearroyapueblonuevo-1yd.es\/?s={search_term_string}"},"query-input":{"@type":"PropertyValueSpecification","valueRequired":true,"valueName":"search_term_string"}}],"inLanguage":"es"},{"@type":"Person","@id":"https:\/\/xn--memoriademocraticadepearroyapueblonuevo-1yd.es\/#\/schema\/person\/6b3171435f012d1dd11f8802ca2efb59","name":"admin","image":{"@type":"ImageObject","inLanguage":"es","@id":"https:\/\/secure.gravatar.com\/avatar\/40bff365fb13a637105976d970b2ec28d48204cfb513ca76a4ff31d222d10962?s=96&d=mm&r=g","url":"https:\/\/secure.gravatar.com\/avatar\/40bff365fb13a637105976d970b2ec28d48204cfb513ca76a4ff31d222d10962?s=96&d=mm&r=g","contentUrl":"https:\/\/secure.gravatar.com\/avatar\/40bff365fb13a637105976d970b2ec28d48204cfb513ca76a4ff31d222d10962?s=96&d=mm&r=g","caption":"admin"},"sameAs":["https:\/\/xn--memoriademocraticadepearroyapueblonuevo-1yd.es"],"url":"https:\/\/xn--memoriademocraticadepearroyapueblonuevo-1yd.es\/index.php\/author\/admin\/"}]}},"_links":{"self":[{"href":"https:\/\/xn--memoriademocraticadepearroyapueblonuevo-1yd.es\/index.php\/wp-json\/wp\/v2\/posts\/1350","targetHints":{"allow":["GET"]}}],"collection":[{"href":"https:\/\/xn--memoriademocraticadepearroyapueblonuevo-1yd.es\/index.php\/wp-json\/wp\/v2\/posts"}],"about":[{"href":"https:\/\/xn--memoriademocraticadepearroyapueblonuevo-1yd.es\/index.php\/wp-json\/wp\/v2\/types\/post"}],"author":[{"embeddable":true,"href":"https:\/\/xn--memoriademocraticadepearroyapueblonuevo-1yd.es\/index.php\/wp-json\/wp\/v2\/users\/1"}],"replies":[{"embeddable":true,"href":"https:\/\/xn--memoriademocraticadepearroyapueblonuevo-1yd.es\/index.php\/wp-json\/wp\/v2\/comments?post=1350"}],"version-history":[{"count":2,"href":"https:\/\/xn--memoriademocraticadepearroyapueblonuevo-1yd.es\/index.php\/wp-json\/wp\/v2\/posts\/1350\/revisions"}],"predecessor-version":[{"id":1607,"href":"https:\/\/xn--memoriademocraticadepearroyapueblonuevo-1yd.es\/index.php\/wp-json\/wp\/v2\/posts\/1350\/revisions\/1607"}],"wp:featuredmedia":[{"embeddable":true,"href":"https:\/\/xn--memoriademocraticadepearroyapueblonuevo-1yd.es\/index.php\/wp-json\/wp\/v2\/media\/1351"}],"wp:attachment":[{"href":"https:\/\/xn--memoriademocraticadepearroyapueblonuevo-1yd.es\/index.php\/wp-json\/wp\/v2\/media?parent=1350"}],"wp:term":[{"taxonomy":"category","embeddable":true,"href":"https:\/\/xn--memoriademocraticadepearroyapueblonuevo-1yd.es\/index.php\/wp-json\/wp\/v2\/categories?post=1350"},{"taxonomy":"post_tag","embeddable":true,"href":"https:\/\/xn--memoriademocraticadepearroyapueblonuevo-1yd.es\/index.php\/wp-json\/wp\/v2\/tags?post=1350"}],"curies":[{"name":"wp","href":"https:\/\/api.w.org\/{rel}","templated":true}]}}