{"id":1348,"date":"2022-03-09T12:16:18","date_gmt":"2022-03-09T12:16:18","guid":{"rendered":"https:\/\/xn--memoriademocraticadepearroyapueblonuevo-1yd.es\/?p=1348"},"modified":"2022-05-09T08:49:29","modified_gmt":"2022-05-09T08:49:29","slug":"plan-de-memoria-democratica-femp","status":"publish","type":"post","link":"https:\/\/xn--memoriademocraticadepearroyapueblonuevo-1yd.es\/index.php\/2022\/03\/09\/plan-de-memoria-democratica-femp\/","title":{"rendered":"Plan de memoria democr\u00e1tica FEMP"},"content":{"rendered":"\n<p>En este Dossier informativo que puedes descargar o puedes ver en linea, podr\u00e1s ver todo el plan de memoria democr\u00e1tica que aplicara el gobierno de Espa\u00f1a, sobre diversas acciones en esta linea. <\/p>\n\n\n\n<p><a href=\"https:\/\/rs.cpse33.eu:2083\/cpsess8014946043\/frontend\/paper_lantern\/filemanager\/showfile.html?file=dossier_-_plan_memoria_democratica_femp-r.pdf&amp;fileop=&amp;dir=%2Fhome%2Fmemoriademocrati%2Fpublic_html&amp;dirop=&amp;charset=&amp;file_charset=&amp;baseurl=&amp;basedir=\">Ver PDF<\/a><\/p>\n","protected":false},"excerpt":{"rendered":"<p>En este Dossier informativo que puedes descargar o puedes ver en linea, podr\u00e1s ver todo el plan de memoria democr\u00e1tica que aplicara el gobierno de Espa\u00f1a, sobre diversas acciones en esta linea. Ver PDF<\/p>\n","protected":false},"author":1,"featured_media":1139,"comment_status":"closed","ping_status":"open","sticky":false,"template":"","format":"standard","meta":{"_exactmetrics_skip_tracking":false,"_exactmetrics_sitenote_active":false,"_exactmetrics_sitenote_note":"","_exactmetrics_sitenote_category":0,"footnotes":""},"categories":[8,9],"tags":[47,46],"class_list":["post-1348","post","type-post","status-publish","format-standard","has-post-thumbnail","hentry","category-documentacion","category-noticias","tag-documentacion","tag-noticias"],"yoast_head":"<!-- This site is optimized with the Yoast SEO plugin v27.2 - https:\/\/yoast.com\/product\/yoast-seo-wordpress\/ -->\n<title>Plan de memoria democr\u00e1tica FEMP<\/title>\n<meta name=\"description\" content=\"En este Dossier informativo que puedes descargar o puedes ver en linea, podr\u00e1s ver todo el plan de memoria democr\u00e1tica que aplicara el gobierno de Espa\u00f1a,\" \/>\n<meta name=\"robots\" content=\"index, follow, max-snippet:-1, max-image-preview:large, max-video-preview:-1\" \/>\n<link rel=\"canonical\" href=\"https:\/\/xn--memoriademocraticadepearroyapueblonuevo-1yd.es\/index.php\/2022\/03\/09\/plan-de-memoria-democratica-femp\/\" \/>\n<meta property=\"og:locale\" content=\"es_ES\" \/>\n<meta property=\"og:type\" content=\"article\" \/>\n<meta property=\"og:title\" content=\"Plan de memoria democr\u00e1tica FEMP\" \/>\n<meta property=\"og:description\" content=\"En este Dossier informativo que puedes descargar o puedes ver en linea, podr\u00e1s ver todo el plan de memoria democr\u00e1tica que aplicara el gobierno de Espa\u00f1a,\" \/>\n<meta property=\"og:url\" content=\"https:\/\/xn--memoriademocraticadepearroyapueblonuevo-1yd.es\/index.php\/2022\/03\/09\/plan-de-memoria-democratica-femp\/\" \/>\n<meta property=\"og:site_name\" content=\"Memoria democr&aacute;tica del Guadiato\" \/>\n<meta property=\"article:published_time\" content=\"2022-03-09T12:16:18+00:00\" \/>\n<meta property=\"article:modified_time\" content=\"2022-05-09T08:49:29+00:00\" \/>\n<meta property=\"og:image\" content=\"https:\/\/xn--memoriademocraticadepearroyapueblonuevo-1yd.es\/wp-content\/uploads\/2021\/12\/asociacion1.jpg\" \/>\n\t<meta property=\"og:image:width\" content=\"850\" \/>\n\t<meta property=\"og:image:height\" content=\"567\" \/>\n\t<meta property=\"og:image:type\" content=\"image\/jpeg\" \/>\n<meta name=\"author\" content=\"admin\" \/>\n<meta name=\"twitter:card\" content=\"summary_large_image\" \/>\n<meta name=\"twitter:label1\" content=\"Escrito por\" \/>\n\t<meta name=\"twitter:data1\" content=\"admin\" \/>\n\t<meta name=\"twitter:label2\" content=\"Tiempo de lectura\" \/>\n\t<meta name=\"twitter:data2\" content=\"1 minuto\" \/>\n<script type=\"application\/ld+json\" class=\"yoast-schema-graph\">{\"@context\":\"https:\/\/schema.org\",\"@graph\":[{\"@type\":\"Article\",\"@id\":\"https:\/\/xn--memoriademocraticadepearroyapueblonuevo-1yd.es\/index.php\/2022\/03\/09\/plan-de-memoria-democratica-femp\/#article\",\"isPartOf\":{\"@id\":\"https:\/\/xn--memoriademocraticadepearroyapueblonuevo-1yd.es\/index.php\/2022\/03\/09\/plan-de-memoria-democratica-femp\/\"},\"author\":{\"name\":\"admin\",\"@id\":\"https:\/\/xn--memoriademocraticadepearroyapueblonuevo-1yd.es\/#\/schema\/person\/6b3171435f012d1dd11f8802ca2efb59\"},\"headline\":\"Plan de memoria democr\u00e1tica FEMP\",\"datePublished\":\"2022-03-09T12:16:18+00:00\",\"dateModified\":\"2022-05-09T08:49:29+00:00\",\"mainEntityOfPage\":{\"@id\":\"https:\/\/xn--memoriademocraticadepearroyapueblonuevo-1yd.es\/index.php\/2022\/03\/09\/plan-de-memoria-democratica-femp\/\"},\"wordCount\":43,\"image\":{\"@id\":\"https:\/\/xn--memoriademocraticadepearroyapueblonuevo-1yd.es\/index.php\/2022\/03\/09\/plan-de-memoria-democratica-femp\/#primaryimage\"},\"thumbnailUrl\":\"https:\/\/xn--memoriademocraticadepearroyapueblonuevo-1yd.es\/wp-content\/uploads\/2021\/12\/asociacion1.jpg\",\"keywords\":[\"Documentaci\u00f3n\",\"Noticias\"],\"articleSection\":[\"Documentaci\u00f3n\",\"Noticias\"],\"inLanguage\":\"es\"},{\"@type\":\"WebPage\",\"@id\":\"https:\/\/xn--memoriademocraticadepearroyapueblonuevo-1yd.es\/index.php\/2022\/03\/09\/plan-de-memoria-democratica-femp\/\",\"url\":\"https:\/\/xn--memoriademocraticadepearroyapueblonuevo-1yd.es\/index.php\/2022\/03\/09\/plan-de-memoria-democratica-femp\/\",\"name\":\"Plan de memoria democr\u00e1tica FEMP\",\"isPartOf\":{\"@id\":\"https:\/\/xn--memoriademocraticadepearroyapueblonuevo-1yd.es\/#website\"},\"primaryImageOfPage\":{\"@id\":\"https:\/\/xn--memoriademocraticadepearroyapueblonuevo-1yd.es\/index.php\/2022\/03\/09\/plan-de-memoria-democratica-femp\/#primaryimage\"},\"image\":{\"@id\":\"https:\/\/xn--memoriademocraticadepearroyapueblonuevo-1yd.es\/index.php\/2022\/03\/09\/plan-de-memoria-democratica-femp\/#primaryimage\"},\"thumbnailUrl\":\"https:\/\/xn--memoriademocraticadepearroyapueblonuevo-1yd.es\/wp-content\/uploads\/2021\/12\/asociacion1.jpg\",\"datePublished\":\"2022-03-09T12:16:18+00:00\",\"dateModified\":\"2022-05-09T08:49:29+00:00\",\"author\":{\"@id\":\"https:\/\/xn--memoriademocraticadepearroyapueblonuevo-1yd.es\/#\/schema\/person\/6b3171435f012d1dd11f8802ca2efb59\"},\"description\":\"En este Dossier informativo que puedes descargar o puedes ver en linea, podr\u00e1s ver todo el plan de memoria democr\u00e1tica que aplicara el gobierno de Espa\u00f1a,\",\"breadcrumb\":{\"@id\":\"https:\/\/xn--memoriademocraticadepearroyapueblonuevo-1yd.es\/index.php\/2022\/03\/09\/plan-de-memoria-democratica-femp\/#breadcrumb\"},\"inLanguage\":\"es\",\"potentialAction\":[{\"@type\":\"ReadAction\",\"target\":[\"https:\/\/xn--memoriademocraticadepearroyapueblonuevo-1yd.es\/index.php\/2022\/03\/09\/plan-de-memoria-democratica-femp\/\"]}]},{\"@type\":\"ImageObject\",\"inLanguage\":\"es\",\"@id\":\"https:\/\/xn--memoriademocraticadepearroyapueblonuevo-1yd.es\/index.php\/2022\/03\/09\/plan-de-memoria-democratica-femp\/#primaryimage\",\"url\":\"https:\/\/xn--memoriademocraticadepearroyapueblonuevo-1yd.es\/wp-content\/uploads\/2021\/12\/asociacion1.jpg\",\"contentUrl\":\"https:\/\/xn--memoriademocraticadepearroyapueblonuevo-1yd.es\/wp-content\/uploads\/2021\/12\/asociacion1.jpg\",\"width\":850,\"height\":567,\"caption\":\"DCIM100MEDIADJI_0025.JPG\"},{\"@type\":\"BreadcrumbList\",\"@id\":\"https:\/\/xn--memoriademocraticadepearroyapueblonuevo-1yd.es\/index.php\/2022\/03\/09\/plan-de-memoria-democratica-femp\/#breadcrumb\",\"itemListElement\":[{\"@type\":\"ListItem\",\"position\":1,\"name\":\"Portada\",\"item\":\"https:\/\/xn--memoriademocraticadepearroyapueblonuevo-1yd.es\/\"},{\"@type\":\"ListItem\",\"position\":2,\"name\":\"Plan de memoria democr\u00e1tica FEMP\"}]},{\"@type\":\"WebSite\",\"@id\":\"https:\/\/xn--memoriademocraticadepearroyapueblonuevo-1yd.es\/#website\",\"url\":\"https:\/\/xn--memoriademocraticadepearroyapueblonuevo-1yd.es\/\",\"name\":\"Memoria democr&aacute;tica del Guadiato\",\"description\":\"Memoria democr&aacute;tica del Guadiato\",\"potentialAction\":[{\"@type\":\"SearchAction\",\"target\":{\"@type\":\"EntryPoint\",\"urlTemplate\":\"https:\/\/xn--memoriademocraticadepearroyapueblonuevo-1yd.es\/?s={search_term_string}\"},\"query-input\":{\"@type\":\"PropertyValueSpecification\",\"valueRequired\":true,\"valueName\":\"search_term_string\"}}],\"inLanguage\":\"es\"},{\"@type\":\"Person\",\"@id\":\"https:\/\/xn--memoriademocraticadepearroyapueblonuevo-1yd.es\/#\/schema\/person\/6b3171435f012d1dd11f8802ca2efb59\",\"name\":\"admin\",\"image\":{\"@type\":\"ImageObject\",\"inLanguage\":\"es\",\"@id\":\"https:\/\/secure.gravatar.com\/avatar\/40bff365fb13a637105976d970b2ec28d48204cfb513ca76a4ff31d222d10962?s=96&d=mm&r=g\",\"url\":\"https:\/\/secure.gravatar.com\/avatar\/40bff365fb13a637105976d970b2ec28d48204cfb513ca76a4ff31d222d10962?s=96&d=mm&r=g\",\"contentUrl\":\"https:\/\/secure.gravatar.com\/avatar\/40bff365fb13a637105976d970b2ec28d48204cfb513ca76a4ff31d222d10962?s=96&d=mm&r=g\",\"caption\":\"admin\"},\"sameAs\":[\"https:\/\/xn--memoriademocraticadepearroyapueblonuevo-1yd.es\"],\"url\":\"https:\/\/xn--memoriademocraticadepearroyapueblonuevo-1yd.es\/index.php\/author\/admin\/\"}]}<\/script>\n<!-- \/ Yoast SEO plugin. -->","yoast_head_json":{"title":"Plan de memoria democr\u00e1tica FEMP","description":"En este Dossier informativo que puedes descargar o puedes ver en linea, podr\u00e1s ver todo el plan de memoria democr\u00e1tica que aplicara el gobierno de Espa\u00f1a,","robots":{"index":"index","follow":"follow","max-snippet":"max-snippet:-1","max-image-preview":"max-image-preview:large","max-video-preview":"max-video-preview:-1"},"canonical":"https:\/\/xn--memoriademocraticadepearroyapueblonuevo-1yd.es\/index.php\/2022\/03\/09\/plan-de-memoria-democratica-femp\/","og_locale":"es_ES","og_type":"article","og_title":"Plan de memoria democr\u00e1tica FEMP","og_description":"En este Dossier informativo que puedes descargar o puedes ver en linea, podr\u00e1s ver todo el plan de memoria democr\u00e1tica que aplicara el gobierno de Espa\u00f1a,","og_url":"https:\/\/xn--memoriademocraticadepearroyapueblonuevo-1yd.es\/index.php\/2022\/03\/09\/plan-de-memoria-democratica-femp\/","og_site_name":"Memoria democr&aacute;tica del Guadiato","article_published_time":"2022-03-09T12:16:18+00:00","article_modified_time":"2022-05-09T08:49:29+00:00","og_image":[{"width":850,"height":567,"url":"https:\/\/xn--memoriademocraticadepearroyapueblonuevo-1yd.es\/wp-content\/uploads\/2021\/12\/asociacion1.jpg","type":"image\/jpeg"}],"author":"admin","twitter_card":"summary_large_image","twitter_misc":{"Escrito por":"admin","Tiempo de lectura":"1 minuto"},"schema":{"@context":"https:\/\/schema.org","@graph":[{"@type":"Article","@id":"https:\/\/xn--memoriademocraticadepearroyapueblonuevo-1yd.es\/index.php\/2022\/03\/09\/plan-de-memoria-democratica-femp\/#article","isPartOf":{"@id":"https:\/\/xn--memoriademocraticadepearroyapueblonuevo-1yd.es\/index.php\/2022\/03\/09\/plan-de-memoria-democratica-femp\/"},"author":{"name":"admin","@id":"https:\/\/xn--memoriademocraticadepearroyapueblonuevo-1yd.es\/#\/schema\/person\/6b3171435f012d1dd11f8802ca2efb59"},"headline":"Plan de memoria democr\u00e1tica FEMP","datePublished":"2022-03-09T12:16:18+00:00","dateModified":"2022-05-09T08:49:29+00:00","mainEntityOfPage":{"@id":"https:\/\/xn--memoriademocraticadepearroyapueblonuevo-1yd.es\/index.php\/2022\/03\/09\/plan-de-memoria-democratica-femp\/"},"wordCount":43,"image":{"@id":"https:\/\/xn--memoriademocraticadepearroyapueblonuevo-1yd.es\/index.php\/2022\/03\/09\/plan-de-memoria-democratica-femp\/#primaryimage"},"thumbnailUrl":"https:\/\/xn--memoriademocraticadepearroyapueblonuevo-1yd.es\/wp-content\/uploads\/2021\/12\/asociacion1.jpg","keywords":["Documentaci\u00f3n","Noticias"],"articleSection":["Documentaci\u00f3n","Noticias"],"inLanguage":"es"},{"@type":"WebPage","@id":"https:\/\/xn--memoriademocraticadepearroyapueblonuevo-1yd.es\/index.php\/2022\/03\/09\/plan-de-memoria-democratica-femp\/","url":"https:\/\/xn--memoriademocraticadepearroyapueblonuevo-1yd.es\/index.php\/2022\/03\/09\/plan-de-memoria-democratica-femp\/","name":"Plan de memoria democr\u00e1tica FEMP","isPartOf":{"@id":"https:\/\/xn--memoriademocraticadepearroyapueblonuevo-1yd.es\/#website"},"primaryImageOfPage":{"@id":"https:\/\/xn--memoriademocraticadepearroyapueblonuevo-1yd.es\/index.php\/2022\/03\/09\/plan-de-memoria-democratica-femp\/#primaryimage"},"image":{"@id":"https:\/\/xn--memoriademocraticadepearroyapueblonuevo-1yd.es\/index.php\/2022\/03\/09\/plan-de-memoria-democratica-femp\/#primaryimage"},"thumbnailUrl":"https:\/\/xn--memoriademocraticadepearroyapueblonuevo-1yd.es\/wp-content\/uploads\/2021\/12\/asociacion1.jpg","datePublished":"2022-03-09T12:16:18+00:00","dateModified":"2022-05-09T08:49:29+00:00","author":{"@id":"https:\/\/xn--memoriademocraticadepearroyapueblonuevo-1yd.es\/#\/schema\/person\/6b3171435f012d1dd11f8802ca2efb59"},"description":"En este Dossier informativo que puedes descargar o puedes ver en linea, podr\u00e1s ver todo el plan de memoria democr\u00e1tica que aplicara el gobierno de Espa\u00f1a,","breadcrumb":{"@id":"https:\/\/xn--memoriademocraticadepearroyapueblonuevo-1yd.es\/index.php\/2022\/03\/09\/plan-de-memoria-democratica-femp\/#breadcrumb"},"inLanguage":"es","potentialAction":[{"@type":"ReadAction","target":["https:\/\/xn--memoriademocraticadepearroyapueblonuevo-1yd.es\/index.php\/2022\/03\/09\/plan-de-memoria-democratica-femp\/"]}]},{"@type":"ImageObject","inLanguage":"es","@id":"https:\/\/xn--memoriademocraticadepearroyapueblonuevo-1yd.es\/index.php\/2022\/03\/09\/plan-de-memoria-democratica-femp\/#primaryimage","url":"https:\/\/xn--memoriademocraticadepearroyapueblonuevo-1yd.es\/wp-content\/uploads\/2021\/12\/asociacion1.jpg","contentUrl":"https:\/\/xn--memoriademocraticadepearroyapueblonuevo-1yd.es\/wp-content\/uploads\/2021\/12\/asociacion1.jpg","width":850,"height":567,"caption":"DCIM100MEDIADJI_0025.JPG"},{"@type":"BreadcrumbList","@id":"https:\/\/xn--memoriademocraticadepearroyapueblonuevo-1yd.es\/index.php\/2022\/03\/09\/plan-de-memoria-democratica-femp\/#breadcrumb","itemListElement":[{"@type":"ListItem","position":1,"name":"Portada","item":"https:\/\/xn--memoriademocraticadepearroyapueblonuevo-1yd.es\/"},{"@type":"ListItem","position":2,"name":"Plan de memoria democr\u00e1tica FEMP"}]},{"@type":"WebSite","@id":"https:\/\/xn--memoriademocraticadepearroyapueblonuevo-1yd.es\/#website","url":"https:\/\/xn--memoriademocraticadepearroyapueblonuevo-1yd.es\/","name":"Memoria democr&aacute;tica del Guadiato","description":"Memoria democr&aacute;tica del Guadiato","potentialAction":[{"@type":"SearchAction","target":{"@type":"EntryPoint","urlTemplate":"https:\/\/xn--memoriademocraticadepearroyapueblonuevo-1yd.es\/?s={search_term_string}"},"query-input":{"@type":"PropertyValueSpecification","valueRequired":true,"valueName":"search_term_string"}}],"inLanguage":"es"},{"@type":"Person","@id":"https:\/\/xn--memoriademocraticadepearroyapueblonuevo-1yd.es\/#\/schema\/person\/6b3171435f012d1dd11f8802ca2efb59","name":"admin","image":{"@type":"ImageObject","inLanguage":"es","@id":"https:\/\/secure.gravatar.com\/avatar\/40bff365fb13a637105976d970b2ec28d48204cfb513ca76a4ff31d222d10962?s=96&d=mm&r=g","url":"https:\/\/secure.gravatar.com\/avatar\/40bff365fb13a637105976d970b2ec28d48204cfb513ca76a4ff31d222d10962?s=96&d=mm&r=g","contentUrl":"https:\/\/secure.gravatar.com\/avatar\/40bff365fb13a637105976d970b2ec28d48204cfb513ca76a4ff31d222d10962?s=96&d=mm&r=g","caption":"admin"},"sameAs":["https:\/\/xn--memoriademocraticadepearroyapueblonuevo-1yd.es"],"url":"https:\/\/xn--memoriademocraticadepearroyapueblonuevo-1yd.es\/index.php\/author\/admin\/"}]}},"_links":{"self":[{"href":"https:\/\/xn--memoriademocraticadepearroyapueblonuevo-1yd.es\/index.php\/wp-json\/wp\/v2\/posts\/1348","targetHints":{"allow":["GET"]}}],"collection":[{"href":"https:\/\/xn--memoriademocraticadepearroyapueblonuevo-1yd.es\/index.php\/wp-json\/wp\/v2\/posts"}],"about":[{"href":"https:\/\/xn--memoriademocraticadepearroyapueblonuevo-1yd.es\/index.php\/wp-json\/wp\/v2\/types\/post"}],"author":[{"embeddable":true,"href":"https:\/\/xn--memoriademocraticadepearroyapueblonuevo-1yd.es\/index.php\/wp-json\/wp\/v2\/users\/1"}],"replies":[{"embeddable":true,"href":"https:\/\/xn--memoriademocraticadepearroyapueblonuevo-1yd.es\/index.php\/wp-json\/wp\/v2\/comments?post=1348"}],"version-history":[{"count":1,"href":"https:\/\/xn--memoriademocraticadepearroyapueblonuevo-1yd.es\/index.php\/wp-json\/wp\/v2\/posts\/1348\/revisions"}],"predecessor-version":[{"id":1349,"href":"https:\/\/xn--memoriademocraticadepearroyapueblonuevo-1yd.es\/index.php\/wp-json\/wp\/v2\/posts\/1348\/revisions\/1349"}],"wp:featuredmedia":[{"embeddable":true,"href":"https:\/\/xn--memoriademocraticadepearroyapueblonuevo-1yd.es\/index.php\/wp-json\/wp\/v2\/media\/1139"}],"wp:attachment":[{"href":"https:\/\/xn--memoriademocraticadepearroyapueblonuevo-1yd.es\/index.php\/wp-json\/wp\/v2\/media?parent=1348"}],"wp:term":[{"taxonomy":"category","embeddable":true,"href":"https:\/\/xn--memoriademocraticadepearroyapueblonuevo-1yd.es\/index.php\/wp-json\/wp\/v2\/categories?post=1348"},{"taxonomy":"post_tag","embeddable":true,"href":"https:\/\/xn--memoriademocraticadepearroyapueblonuevo-1yd.es\/index.php\/wp-json\/wp\/v2\/tags?post=1348"}],"curies":[{"name":"wp","href":"https:\/\/api.w.org\/{rel}","templated":true}]}}