{"id":1343,"date":"2022-03-09T11:31:22","date_gmt":"2022-03-09T11:31:22","guid":{"rendered":"https:\/\/xn--memoriademocraticadepearroyapueblonuevo-1yd.es\/?p=1343"},"modified":"2022-05-09T08:49:29","modified_gmt":"2022-05-09T08:49:29","slug":"plan-de-recuperacion-de-memoria-democratica","status":"publish","type":"post","link":"https:\/\/xn--memoriademocraticadepearroyapueblonuevo-1yd.es\/index.php\/2022\/03\/09\/plan-de-recuperacion-de-memoria-democratica\/","title":{"rendered":"PLAN DE RECUPERACI\u00d3N DE MEMORIA DEMOCR\u00c1TICA"},"content":{"rendered":"\n<p>CONVOCATORIA DE SUBVENCIONES DIRIGIDA A ENTIDADES LOCALES DE LA PROVINCIA ORIENTADA A LA REALIZACI\u00d3N DE ACTUACIONES, ESTUDIOS E INVERSIONES RELACIONADAS CON LA RECUPERACI\u00d3N DE LA MEMORIA DEMOCR\u00c1TICA DE LA DIPUTACI\u00d3N DE C\u00d3RDOBA CORRESPONDIENTES AL EJERCICIO DE 2020<\/p>\n\n\n\n<p><strong>&nbsp;<\/strong>PROYECTO SUBVENCIONADO:<\/p>\n\n\n\n<p><strong>PORTAL WEB DE MEMORIA DEMOCR\u00c1TICA DE PE\u00d1ARROYA-PUEBLONUEVO<\/strong><\/p>\n\n\n\n<p><strong>&nbsp;<\/strong><strong>Beneficiario: Ayuntamiento de Pe\u00f1arroya-Pueblonuevo<\/strong><\/p>\n\n\n\n<p><strong>&nbsp;<\/strong><strong><u>Presupuesto del proyecto<\/u><\/strong>:&nbsp;<strong>4.000,00 \u20ac<\/strong><\/p>\n\n\n\n<p><strong>&nbsp;<\/strong><strong><u>Subvenci\u00f3n concedida<\/u>: 4.000,00 \u20ac<\/strong><\/p>\n\n\n\n<h3 class=\"wp-block-heading\"><em>Esta actuaci\u00f3n ha sido financiada con la colaboraci\u00f3n econ\u00f3mica de la Delegaci\u00f3n de Memoria Democr\u00e1tica de la Excma. Diputaci\u00f3n Provincial de C\u00f3rdoba. Expediente: MDCC20-001.0011<\/em><\/h3>\n\n\n\n<p>Ver <a href=\"https:\/\/rs.cpse33.eu:2083\/cpsess5163446348\/frontend\/paper_lantern\/filemanager\/showfile.html?file=INFORME+TRABAJO+MEMORIA+DEMOCR\u00c1TICA+PE\u00d1ARROYA-PUEBLONUEVO.pdf&amp;fileop=&amp;dir=%2Fhome%2Fmemoriademocrati%2Fpublic_html&amp;dirop=&amp;charset=&amp;file_charset=&amp;baseurl=&amp;basedir=\">PDF del proyecto<\/a><\/p>\n\n\n\n<div class=\"wp-block-image\"><figure class=\"aligncenter size-large\"><img loading=\"lazy\" decoding=\"async\" width=\"724\" height=\"1024\" src=\"https:\/\/xn--memoriademocraticadepearroyapueblonuevo-1yd.es\/wp-content\/uploads\/2022\/03\/MEMORIA-DEMOCRATICA-DIPUTACION-2020-724x1024.jpg\" alt=\"\" class=\"wp-image-1344\" srcset=\"https:\/\/xn--memoriademocraticadepearroyapueblonuevo-1yd.es\/wp-content\/uploads\/2022\/03\/MEMORIA-DEMOCRATICA-DIPUTACION-2020-724x1024.jpg 724w, https:\/\/xn--memoriademocraticadepearroyapueblonuevo-1yd.es\/wp-content\/uploads\/2022\/03\/MEMORIA-DEMOCRATICA-DIPUTACION-2020-212x300.jpg 212w, https:\/\/xn--memoriademocraticadepearroyapueblonuevo-1yd.es\/wp-content\/uploads\/2022\/03\/MEMORIA-DEMOCRATICA-DIPUTACION-2020-768x1086.jpg 768w, https:\/\/xn--memoriademocraticadepearroyapueblonuevo-1yd.es\/wp-content\/uploads\/2022\/03\/MEMORIA-DEMOCRATICA-DIPUTACION-2020-370x523.jpg 370w, https:\/\/xn--memoriademocraticadepearroyapueblonuevo-1yd.es\/wp-content\/uploads\/2022\/03\/MEMORIA-DEMOCRATICA-DIPUTACION-2020-760x1075.jpg 760w, https:\/\/xn--memoriademocraticadepearroyapueblonuevo-1yd.es\/wp-content\/uploads\/2022\/03\/MEMORIA-DEMOCRATICA-DIPUTACION-2020.jpg 794w\" sizes=\"auto, (max-width: 724px) 100vw, 724px\" \/><\/figure><\/div>\n","protected":false},"excerpt":{"rendered":"<p>CONVOCATORIA DE SUBVENCIONES DIRIGIDA A ENTIDADES LOCALES DE LA PROVINCIA ORIENTADA A LA REALIZACI\u00d3N DE ACTUACIONES, ESTUDIOS E INVERSIONES RELACIONADAS CON LA RECUPERACI\u00d3N DE LA MEMORIA DEMOCR\u00c1TICA DE LA DIPUTACI\u00d3N DE C\u00d3RDOBA CORRESPONDIENTES AL EJERCICIO DE 2020 &nbsp;PROYECTO SUBVENCIONADO: PORTAL WEB DE MEMORIA DEMOCR\u00c1TICA DE&hellip;<\/p>\n","protected":false},"author":1,"featured_media":1345,"comment_status":"closed","ping_status":"open","sticky":false,"template":"","format":"standard","meta":{"_exactmetrics_skip_tracking":false,"_exactmetrics_sitenote_active":false,"_exactmetrics_sitenote_note":"","_exactmetrics_sitenote_category":0,"footnotes":""},"categories":[8,9],"tags":[47,46],"class_list":["post-1343","post","type-post","status-publish","format-standard","has-post-thumbnail","hentry","category-documentacion","category-noticias","tag-documentacion","tag-noticias"],"yoast_head":"<!-- This site is optimized with the Yoast SEO plugin v27.2 - https:\/\/yoast.com\/product\/yoast-seo-wordpress\/ -->\n<title>PLAN DE RECUPERACI\u00d3N DE MEMORIA DEMOCR\u00c1TICA<\/title>\n<meta name=\"description\" content=\"CONVOCATORIA DE SUBVENCIONES DIRIGIDA A ENTIDADES LOCALES DE LA PROVINCIA ORIENTADA A LA REALIZACI\u00d3N DE ACTUACIONES...\" \/>\n<meta name=\"robots\" content=\"index, follow, max-snippet:-1, max-image-preview:large, max-video-preview:-1\" \/>\n<link rel=\"canonical\" href=\"https:\/\/xn--memoriademocraticadepearroyapueblonuevo-1yd.es\/index.php\/2022\/03\/09\/plan-de-recuperacion-de-memoria-democratica\/\" \/>\n<meta property=\"og:locale\" content=\"es_ES\" \/>\n<meta property=\"og:type\" content=\"article\" \/>\n<meta property=\"og:title\" content=\"PLAN DE RECUPERACI\u00d3N DE MEMORIA DEMOCR\u00c1TICA\" \/>\n<meta property=\"og:description\" content=\"CONVOCATORIA DE SUBVENCIONES DIRIGIDA A ENTIDADES LOCALES DE LA PROVINCIA ORIENTADA A LA REALIZACI\u00d3N DE ACTUACIONES...\" \/>\n<meta property=\"og:url\" content=\"https:\/\/xn--memoriademocraticadepearroyapueblonuevo-1yd.es\/index.php\/2022\/03\/09\/plan-de-recuperacion-de-memoria-democratica\/\" \/>\n<meta property=\"og:site_name\" content=\"Memoria democr&aacute;tica del Guadiato\" \/>\n<meta property=\"article:published_time\" content=\"2022-03-09T11:31:22+00:00\" \/>\n<meta property=\"article:modified_time\" content=\"2022-05-09T08:49:29+00:00\" \/>\n<meta property=\"og:image\" content=\"https:\/\/xn--memoriademocraticadepearroyapueblonuevo-1yd.es\/wp-content\/uploads\/2022\/03\/82932988_771872386641487_8756630957181632512_n-1.jpg\" \/>\n\t<meta property=\"og:image:width\" content=\"640\" \/>\n\t<meta property=\"og:image:height\" content=\"389\" \/>\n\t<meta property=\"og:image:type\" content=\"image\/jpeg\" \/>\n<meta name=\"author\" content=\"admin\" \/>\n<meta name=\"twitter:card\" content=\"summary_large_image\" \/>\n<meta name=\"twitter:label1\" content=\"Escrito por\" \/>\n\t<meta name=\"twitter:data1\" content=\"admin\" \/>\n\t<meta name=\"twitter:label2\" content=\"Tiempo de lectura\" \/>\n\t<meta name=\"twitter:data2\" content=\"1 minuto\" \/>\n<script type=\"application\/ld+json\" class=\"yoast-schema-graph\">{\"@context\":\"https:\/\/schema.org\",\"@graph\":[{\"@type\":\"Article\",\"@id\":\"https:\/\/xn--memoriademocraticadepearroyapueblonuevo-1yd.es\/index.php\/2022\/03\/09\/plan-de-recuperacion-de-memoria-democratica\/#article\",\"isPartOf\":{\"@id\":\"https:\/\/xn--memoriademocraticadepearroyapueblonuevo-1yd.es\/index.php\/2022\/03\/09\/plan-de-recuperacion-de-memoria-democratica\/\"},\"author\":{\"name\":\"admin\",\"@id\":\"https:\/\/xn--memoriademocraticadepearroyapueblonuevo-1yd.es\/#\/schema\/person\/6b3171435f012d1dd11f8802ca2efb59\"},\"headline\":\"PLAN DE RECUPERACI\u00d3N DE MEMORIA DEMOCR\u00c1TICA\",\"datePublished\":\"2022-03-09T11:31:22+00:00\",\"dateModified\":\"2022-05-09T08:49:29+00:00\",\"mainEntityOfPage\":{\"@id\":\"https:\/\/xn--memoriademocraticadepearroyapueblonuevo-1yd.es\/index.php\/2022\/03\/09\/plan-de-recuperacion-de-memoria-democratica\/\"},\"wordCount\":112,\"image\":{\"@id\":\"https:\/\/xn--memoriademocraticadepearroyapueblonuevo-1yd.es\/index.php\/2022\/03\/09\/plan-de-recuperacion-de-memoria-democratica\/#primaryimage\"},\"thumbnailUrl\":\"https:\/\/xn--memoriademocraticadepearroyapueblonuevo-1yd.es\/wp-content\/uploads\/2022\/03\/82932988_771872386641487_8756630957181632512_n-1.jpg\",\"keywords\":[\"Documentaci\u00f3n\",\"Noticias\"],\"articleSection\":[\"Documentaci\u00f3n\",\"Noticias\"],\"inLanguage\":\"es\"},{\"@type\":\"WebPage\",\"@id\":\"https:\/\/xn--memoriademocraticadepearroyapueblonuevo-1yd.es\/index.php\/2022\/03\/09\/plan-de-recuperacion-de-memoria-democratica\/\",\"url\":\"https:\/\/xn--memoriademocraticadepearroyapueblonuevo-1yd.es\/index.php\/2022\/03\/09\/plan-de-recuperacion-de-memoria-democratica\/\",\"name\":\"PLAN DE RECUPERACI\u00d3N DE MEMORIA DEMOCR\u00c1TICA\",\"isPartOf\":{\"@id\":\"https:\/\/xn--memoriademocraticadepearroyapueblonuevo-1yd.es\/#website\"},\"primaryImageOfPage\":{\"@id\":\"https:\/\/xn--memoriademocraticadepearroyapueblonuevo-1yd.es\/index.php\/2022\/03\/09\/plan-de-recuperacion-de-memoria-democratica\/#primaryimage\"},\"image\":{\"@id\":\"https:\/\/xn--memoriademocraticadepearroyapueblonuevo-1yd.es\/index.php\/2022\/03\/09\/plan-de-recuperacion-de-memoria-democratica\/#primaryimage\"},\"thumbnailUrl\":\"https:\/\/xn--memoriademocraticadepearroyapueblonuevo-1yd.es\/wp-content\/uploads\/2022\/03\/82932988_771872386641487_8756630957181632512_n-1.jpg\",\"datePublished\":\"2022-03-09T11:31:22+00:00\",\"dateModified\":\"2022-05-09T08:49:29+00:00\",\"author\":{\"@id\":\"https:\/\/xn--memoriademocraticadepearroyapueblonuevo-1yd.es\/#\/schema\/person\/6b3171435f012d1dd11f8802ca2efb59\"},\"description\":\"CONVOCATORIA DE SUBVENCIONES DIRIGIDA A ENTIDADES LOCALES DE LA PROVINCIA ORIENTADA A LA REALIZACI\u00d3N DE ACTUACIONES...\",\"breadcrumb\":{\"@id\":\"https:\/\/xn--memoriademocraticadepearroyapueblonuevo-1yd.es\/index.php\/2022\/03\/09\/plan-de-recuperacion-de-memoria-democratica\/#breadcrumb\"},\"inLanguage\":\"es\",\"potentialAction\":[{\"@type\":\"ReadAction\",\"target\":[\"https:\/\/xn--memoriademocraticadepearroyapueblonuevo-1yd.es\/index.php\/2022\/03\/09\/plan-de-recuperacion-de-memoria-democratica\/\"]}]},{\"@type\":\"ImageObject\",\"inLanguage\":\"es\",\"@id\":\"https:\/\/xn--memoriademocraticadepearroyapueblonuevo-1yd.es\/index.php\/2022\/03\/09\/plan-de-recuperacion-de-memoria-democratica\/#primaryimage\",\"url\":\"https:\/\/xn--memoriademocraticadepearroyapueblonuevo-1yd.es\/wp-content\/uploads\/2022\/03\/82932988_771872386641487_8756630957181632512_n-1.jpg\",\"contentUrl\":\"https:\/\/xn--memoriademocraticadepearroyapueblonuevo-1yd.es\/wp-content\/uploads\/2022\/03\/82932988_771872386641487_8756630957181632512_n-1.jpg\",\"width\":640,\"height\":389},{\"@type\":\"BreadcrumbList\",\"@id\":\"https:\/\/xn--memoriademocraticadepearroyapueblonuevo-1yd.es\/index.php\/2022\/03\/09\/plan-de-recuperacion-de-memoria-democratica\/#breadcrumb\",\"itemListElement\":[{\"@type\":\"ListItem\",\"position\":1,\"name\":\"Portada\",\"item\":\"https:\/\/xn--memoriademocraticadepearroyapueblonuevo-1yd.es\/\"},{\"@type\":\"ListItem\",\"position\":2,\"name\":\"PLAN DE RECUPERACI\u00d3N DE MEMORIA DEMOCR\u00c1TICA\"}]},{\"@type\":\"WebSite\",\"@id\":\"https:\/\/xn--memoriademocraticadepearroyapueblonuevo-1yd.es\/#website\",\"url\":\"https:\/\/xn--memoriademocraticadepearroyapueblonuevo-1yd.es\/\",\"name\":\"Memoria democr&aacute;tica del Guadiato\",\"description\":\"Memoria democr&aacute;tica del Guadiato\",\"potentialAction\":[{\"@type\":\"SearchAction\",\"target\":{\"@type\":\"EntryPoint\",\"urlTemplate\":\"https:\/\/xn--memoriademocraticadepearroyapueblonuevo-1yd.es\/?s={search_term_string}\"},\"query-input\":{\"@type\":\"PropertyValueSpecification\",\"valueRequired\":true,\"valueName\":\"search_term_string\"}}],\"inLanguage\":\"es\"},{\"@type\":\"Person\",\"@id\":\"https:\/\/xn--memoriademocraticadepearroyapueblonuevo-1yd.es\/#\/schema\/person\/6b3171435f012d1dd11f8802ca2efb59\",\"name\":\"admin\",\"image\":{\"@type\":\"ImageObject\",\"inLanguage\":\"es\",\"@id\":\"https:\/\/secure.gravatar.com\/avatar\/40bff365fb13a637105976d970b2ec28d48204cfb513ca76a4ff31d222d10962?s=96&d=mm&r=g\",\"url\":\"https:\/\/secure.gravatar.com\/avatar\/40bff365fb13a637105976d970b2ec28d48204cfb513ca76a4ff31d222d10962?s=96&d=mm&r=g\",\"contentUrl\":\"https:\/\/secure.gravatar.com\/avatar\/40bff365fb13a637105976d970b2ec28d48204cfb513ca76a4ff31d222d10962?s=96&d=mm&r=g\",\"caption\":\"admin\"},\"sameAs\":[\"https:\/\/xn--memoriademocraticadepearroyapueblonuevo-1yd.es\"],\"url\":\"https:\/\/xn--memoriademocraticadepearroyapueblonuevo-1yd.es\/index.php\/author\/admin\/\"}]}<\/script>\n<!-- \/ Yoast SEO plugin. -->","yoast_head_json":{"title":"PLAN DE RECUPERACI\u00d3N DE MEMORIA DEMOCR\u00c1TICA","description":"CONVOCATORIA DE SUBVENCIONES DIRIGIDA A ENTIDADES LOCALES DE LA PROVINCIA ORIENTADA A LA REALIZACI\u00d3N DE ACTUACIONES...","robots":{"index":"index","follow":"follow","max-snippet":"max-snippet:-1","max-image-preview":"max-image-preview:large","max-video-preview":"max-video-preview:-1"},"canonical":"https:\/\/xn--memoriademocraticadepearroyapueblonuevo-1yd.es\/index.php\/2022\/03\/09\/plan-de-recuperacion-de-memoria-democratica\/","og_locale":"es_ES","og_type":"article","og_title":"PLAN DE RECUPERACI\u00d3N DE MEMORIA DEMOCR\u00c1TICA","og_description":"CONVOCATORIA DE SUBVENCIONES DIRIGIDA A ENTIDADES LOCALES DE LA PROVINCIA ORIENTADA A LA REALIZACI\u00d3N DE ACTUACIONES...","og_url":"https:\/\/xn--memoriademocraticadepearroyapueblonuevo-1yd.es\/index.php\/2022\/03\/09\/plan-de-recuperacion-de-memoria-democratica\/","og_site_name":"Memoria democr&aacute;tica del Guadiato","article_published_time":"2022-03-09T11:31:22+00:00","article_modified_time":"2022-05-09T08:49:29+00:00","og_image":[{"width":640,"height":389,"url":"https:\/\/xn--memoriademocraticadepearroyapueblonuevo-1yd.es\/wp-content\/uploads\/2022\/03\/82932988_771872386641487_8756630957181632512_n-1.jpg","type":"image\/jpeg"}],"author":"admin","twitter_card":"summary_large_image","twitter_misc":{"Escrito por":"admin","Tiempo de lectura":"1 minuto"},"schema":{"@context":"https:\/\/schema.org","@graph":[{"@type":"Article","@id":"https:\/\/xn--memoriademocraticadepearroyapueblonuevo-1yd.es\/index.php\/2022\/03\/09\/plan-de-recuperacion-de-memoria-democratica\/#article","isPartOf":{"@id":"https:\/\/xn--memoriademocraticadepearroyapueblonuevo-1yd.es\/index.php\/2022\/03\/09\/plan-de-recuperacion-de-memoria-democratica\/"},"author":{"name":"admin","@id":"https:\/\/xn--memoriademocraticadepearroyapueblonuevo-1yd.es\/#\/schema\/person\/6b3171435f012d1dd11f8802ca2efb59"},"headline":"PLAN DE RECUPERACI\u00d3N DE MEMORIA DEMOCR\u00c1TICA","datePublished":"2022-03-09T11:31:22+00:00","dateModified":"2022-05-09T08:49:29+00:00","mainEntityOfPage":{"@id":"https:\/\/xn--memoriademocraticadepearroyapueblonuevo-1yd.es\/index.php\/2022\/03\/09\/plan-de-recuperacion-de-memoria-democratica\/"},"wordCount":112,"image":{"@id":"https:\/\/xn--memoriademocraticadepearroyapueblonuevo-1yd.es\/index.php\/2022\/03\/09\/plan-de-recuperacion-de-memoria-democratica\/#primaryimage"},"thumbnailUrl":"https:\/\/xn--memoriademocraticadepearroyapueblonuevo-1yd.es\/wp-content\/uploads\/2022\/03\/82932988_771872386641487_8756630957181632512_n-1.jpg","keywords":["Documentaci\u00f3n","Noticias"],"articleSection":["Documentaci\u00f3n","Noticias"],"inLanguage":"es"},{"@type":"WebPage","@id":"https:\/\/xn--memoriademocraticadepearroyapueblonuevo-1yd.es\/index.php\/2022\/03\/09\/plan-de-recuperacion-de-memoria-democratica\/","url":"https:\/\/xn--memoriademocraticadepearroyapueblonuevo-1yd.es\/index.php\/2022\/03\/09\/plan-de-recuperacion-de-memoria-democratica\/","name":"PLAN DE RECUPERACI\u00d3N DE MEMORIA DEMOCR\u00c1TICA","isPartOf":{"@id":"https:\/\/xn--memoriademocraticadepearroyapueblonuevo-1yd.es\/#website"},"primaryImageOfPage":{"@id":"https:\/\/xn--memoriademocraticadepearroyapueblonuevo-1yd.es\/index.php\/2022\/03\/09\/plan-de-recuperacion-de-memoria-democratica\/#primaryimage"},"image":{"@id":"https:\/\/xn--memoriademocraticadepearroyapueblonuevo-1yd.es\/index.php\/2022\/03\/09\/plan-de-recuperacion-de-memoria-democratica\/#primaryimage"},"thumbnailUrl":"https:\/\/xn--memoriademocraticadepearroyapueblonuevo-1yd.es\/wp-content\/uploads\/2022\/03\/82932988_771872386641487_8756630957181632512_n-1.jpg","datePublished":"2022-03-09T11:31:22+00:00","dateModified":"2022-05-09T08:49:29+00:00","author":{"@id":"https:\/\/xn--memoriademocraticadepearroyapueblonuevo-1yd.es\/#\/schema\/person\/6b3171435f012d1dd11f8802ca2efb59"},"description":"CONVOCATORIA DE SUBVENCIONES DIRIGIDA A ENTIDADES LOCALES DE LA PROVINCIA ORIENTADA A LA REALIZACI\u00d3N DE ACTUACIONES...","breadcrumb":{"@id":"https:\/\/xn--memoriademocraticadepearroyapueblonuevo-1yd.es\/index.php\/2022\/03\/09\/plan-de-recuperacion-de-memoria-democratica\/#breadcrumb"},"inLanguage":"es","potentialAction":[{"@type":"ReadAction","target":["https:\/\/xn--memoriademocraticadepearroyapueblonuevo-1yd.es\/index.php\/2022\/03\/09\/plan-de-recuperacion-de-memoria-democratica\/"]}]},{"@type":"ImageObject","inLanguage":"es","@id":"https:\/\/xn--memoriademocraticadepearroyapueblonuevo-1yd.es\/index.php\/2022\/03\/09\/plan-de-recuperacion-de-memoria-democratica\/#primaryimage","url":"https:\/\/xn--memoriademocraticadepearroyapueblonuevo-1yd.es\/wp-content\/uploads\/2022\/03\/82932988_771872386641487_8756630957181632512_n-1.jpg","contentUrl":"https:\/\/xn--memoriademocraticadepearroyapueblonuevo-1yd.es\/wp-content\/uploads\/2022\/03\/82932988_771872386641487_8756630957181632512_n-1.jpg","width":640,"height":389},{"@type":"BreadcrumbList","@id":"https:\/\/xn--memoriademocraticadepearroyapueblonuevo-1yd.es\/index.php\/2022\/03\/09\/plan-de-recuperacion-de-memoria-democratica\/#breadcrumb","itemListElement":[{"@type":"ListItem","position":1,"name":"Portada","item":"https:\/\/xn--memoriademocraticadepearroyapueblonuevo-1yd.es\/"},{"@type":"ListItem","position":2,"name":"PLAN DE RECUPERACI\u00d3N DE MEMORIA DEMOCR\u00c1TICA"}]},{"@type":"WebSite","@id":"https:\/\/xn--memoriademocraticadepearroyapueblonuevo-1yd.es\/#website","url":"https:\/\/xn--memoriademocraticadepearroyapueblonuevo-1yd.es\/","name":"Memoria democr&aacute;tica del Guadiato","description":"Memoria democr&aacute;tica del Guadiato","potentialAction":[{"@type":"SearchAction","target":{"@type":"EntryPoint","urlTemplate":"https:\/\/xn--memoriademocraticadepearroyapueblonuevo-1yd.es\/?s={search_term_string}"},"query-input":{"@type":"PropertyValueSpecification","valueRequired":true,"valueName":"search_term_string"}}],"inLanguage":"es"},{"@type":"Person","@id":"https:\/\/xn--memoriademocraticadepearroyapueblonuevo-1yd.es\/#\/schema\/person\/6b3171435f012d1dd11f8802ca2efb59","name":"admin","image":{"@type":"ImageObject","inLanguage":"es","@id":"https:\/\/secure.gravatar.com\/avatar\/40bff365fb13a637105976d970b2ec28d48204cfb513ca76a4ff31d222d10962?s=96&d=mm&r=g","url":"https:\/\/secure.gravatar.com\/avatar\/40bff365fb13a637105976d970b2ec28d48204cfb513ca76a4ff31d222d10962?s=96&d=mm&r=g","contentUrl":"https:\/\/secure.gravatar.com\/avatar\/40bff365fb13a637105976d970b2ec28d48204cfb513ca76a4ff31d222d10962?s=96&d=mm&r=g","caption":"admin"},"sameAs":["https:\/\/xn--memoriademocraticadepearroyapueblonuevo-1yd.es"],"url":"https:\/\/xn--memoriademocraticadepearroyapueblonuevo-1yd.es\/index.php\/author\/admin\/"}]}},"_links":{"self":[{"href":"https:\/\/xn--memoriademocraticadepearroyapueblonuevo-1yd.es\/index.php\/wp-json\/wp\/v2\/posts\/1343","targetHints":{"allow":["GET"]}}],"collection":[{"href":"https:\/\/xn--memoriademocraticadepearroyapueblonuevo-1yd.es\/index.php\/wp-json\/wp\/v2\/posts"}],"about":[{"href":"https:\/\/xn--memoriademocraticadepearroyapueblonuevo-1yd.es\/index.php\/wp-json\/wp\/v2\/types\/post"}],"author":[{"embeddable":true,"href":"https:\/\/xn--memoriademocraticadepearroyapueblonuevo-1yd.es\/index.php\/wp-json\/wp\/v2\/users\/1"}],"replies":[{"embeddable":true,"href":"https:\/\/xn--memoriademocraticadepearroyapueblonuevo-1yd.es\/index.php\/wp-json\/wp\/v2\/comments?post=1343"}],"version-history":[{"count":1,"href":"https:\/\/xn--memoriademocraticadepearroyapueblonuevo-1yd.es\/index.php\/wp-json\/wp\/v2\/posts\/1343\/revisions"}],"predecessor-version":[{"id":1346,"href":"https:\/\/xn--memoriademocraticadepearroyapueblonuevo-1yd.es\/index.php\/wp-json\/wp\/v2\/posts\/1343\/revisions\/1346"}],"wp:featuredmedia":[{"embeddable":true,"href":"https:\/\/xn--memoriademocraticadepearroyapueblonuevo-1yd.es\/index.php\/wp-json\/wp\/v2\/media\/1345"}],"wp:attachment":[{"href":"https:\/\/xn--memoriademocraticadepearroyapueblonuevo-1yd.es\/index.php\/wp-json\/wp\/v2\/media?parent=1343"}],"wp:term":[{"taxonomy":"category","embeddable":true,"href":"https:\/\/xn--memoriademocraticadepearroyapueblonuevo-1yd.es\/index.php\/wp-json\/wp\/v2\/categories?post=1343"},{"taxonomy":"post_tag","embeddable":true,"href":"https:\/\/xn--memoriademocraticadepearroyapueblonuevo-1yd.es\/index.php\/wp-json\/wp\/v2\/tags?post=1343"}],"curies":[{"name":"wp","href":"https:\/\/api.w.org\/{rel}","templated":true}]}}