{"id":1340,"date":"2022-03-09T11:22:19","date_gmt":"2022-03-09T11:22:19","guid":{"rendered":"https:\/\/xn--memoriademocraticadepearroyapueblonuevo-1yd.es\/?p=1340"},"modified":"2022-05-09T08:49:29","modified_gmt":"2022-05-09T08:49:29","slug":"penarroya-pueblonuevo-homenajea-con-piedras-de-la-memoria-a-sus-vecinos-victimas-de-los-nazis","status":"publish","type":"post","link":"https:\/\/xn--memoriademocraticadepearroyapueblonuevo-1yd.es\/index.php\/2022\/03\/09\/penarroya-pueblonuevo-homenajea-con-piedras-de-la-memoria-a-sus-vecinos-victimas-de-los-nazis\/","title":{"rendered":"Pe\u00f1arroya-Pueblonuevo homenajea con piedras de la memoria a sus vecinos v\u00edctimas de los nazis"},"content":{"rendered":"\n<figure class=\"wp-block-image size-full\"><img loading=\"lazy\" decoding=\"async\" width=\"880\" height=\"495\" src=\"https:\/\/xn--memoriademocraticadepearroyapueblonuevo-1yd.es\/wp-content\/uploads\/2022\/03\/73812ba3-3761-4b79-98ca-b4e3e86845c9_16-9-aspect-ratio_default_0.jpg\" alt=\"\" class=\"wp-image-1341\" srcset=\"https:\/\/xn--memoriademocraticadepearroyapueblonuevo-1yd.es\/wp-content\/uploads\/2022\/03\/73812ba3-3761-4b79-98ca-b4e3e86845c9_16-9-aspect-ratio_default_0.jpg 880w, https:\/\/xn--memoriademocraticadepearroyapueblonuevo-1yd.es\/wp-content\/uploads\/2022\/03\/73812ba3-3761-4b79-98ca-b4e3e86845c9_16-9-aspect-ratio_default_0-300x169.jpg 300w, https:\/\/xn--memoriademocraticadepearroyapueblonuevo-1yd.es\/wp-content\/uploads\/2022\/03\/73812ba3-3761-4b79-98ca-b4e3e86845c9_16-9-aspect-ratio_default_0-768x432.jpg 768w, https:\/\/xn--memoriademocraticadepearroyapueblonuevo-1yd.es\/wp-content\/uploads\/2022\/03\/73812ba3-3761-4b79-98ca-b4e3e86845c9_16-9-aspect-ratio_default_0-370x208.jpg 370w, https:\/\/xn--memoriademocraticadepearroyapueblonuevo-1yd.es\/wp-content\/uploads\/2022\/03\/73812ba3-3761-4b79-98ca-b4e3e86845c9_16-9-aspect-ratio_default_0-760x428.jpg 760w, https:\/\/xn--memoriademocraticadepearroyapueblonuevo-1yd.es\/wp-content\/uploads\/2022\/03\/73812ba3-3761-4b79-98ca-b4e3e86845c9_16-9-aspect-ratio_default_0-270x152.jpg 270w\" sizes=\"auto, (max-width: 880px) 100vw, 880px\" \/><\/figure>\n\n\n\n<h2 class=\"wp-block-heading\">Las &#8216;Stolpersteine&#8217; en su designaci\u00f3n en alem\u00e1n, son peque\u00f1os monumentos conmemorativos con los datos de las personas a las que se quiere recordar<\/h2>\n\n\n\n<p class=\"wp-block-paragraph\">El Ayuntamiento de&nbsp;<a href=\"https:\/\/www.diariocordoba.com\/cordoba\/penarroya-pueblonuevo\/\"><strong>Pe\u00f1arroya-Pueblonuevo<\/strong><\/a>, \u00aben su compromiso con la memoria democr\u00e1tica\u00bb, y la&nbsp;<strong>Asociaci\u00f3n Tri\u00e1ngulo Azul Stolpersteine<\/strong>homenajear\u00e1n a vecinos que vivieron en la localidad y fueron deportados a&nbsp;<strong>campos de concentraci\u00f3n nazis&nbsp;<\/strong>mediante la instalaci\u00f3n de \u00abpiedras de la memoria\u00bb en el lugar donde vivieron, seg\u00fan informa el Consistorio.<\/p>\n\n\n\n<p class=\"wp-block-paragraph\">Las piedras de la memoria o&nbsp;<em>Stolpersteine&nbsp;<\/em>en su designaci\u00f3n en alem\u00e1n, son peque\u00f1os<strong>&nbsp;monumentos conmemorativos&nbsp;<\/strong>donde se reflejan los datos de las personas a las que se quiere recordar, el monumento memorial descentralizado m\u00e1s grande del mundo.<\/p>\n\n\n\n<p class=\"wp-block-paragraph\"><\/p>\n\n\n\n<p class=\"wp-block-paragraph\">El objetivo de este proyecto, en el que est\u00e1n participando numerosos pa\u00edses, es devolver los nombres de estas personas a las calles de la localidad para que no caigan en el olvido, concienciando as\u00ed a la sociedad de que una barbarie de este calibre no puede volver a repetirse.<\/p>\n\n\n\n<p class=\"wp-block-paragraph\">En la actualidad se est\u00e1 llevando a cabo una investigaci\u00f3n en archivos locales, nacionales e internacionales para recopilar datos de los afectados: fecha de nacimiento, domicilios en los que vivieron, lugares a los que fueron deportados, si fueron liberados o fallecieron, y familiares que, en la actualidad, est\u00e9n vivos y puedan aportar datos de inter\u00e9s.<\/p>\n\n\n\n<h3 class=\"wp-block-heading\">El Ayuntamiento pide ayuda para aportar informaci\u00f3n sobre las v\u00edctimas<\/h3>\n\n\n\n<p class=\"wp-block-paragraph\">Desde el Ayuntamiento de Pe\u00f1arroya-Pueblonuevo se ha realizado un llamamiento general a la poblaci\u00f3n para la localizaci\u00f3n de familiares que puedan aportar informaci\u00f3n de las siguientes personas:<\/p>\n\n\n\n<p class=\"wp-block-paragraph\">Lucas \u00c1balos Portero \u2013 Nacido en 1907<\/p>\n\n\n\n<p class=\"wp-block-paragraph\">Rafael Balsera Luengo \u2013 Nacido en 1915<\/p>\n\n\n\n<p class=\"wp-block-paragraph\">Manuel Camacho Gim\u00e9nez \u2013 Nacido en 1921<\/p>\n\n\n\n<p class=\"wp-block-paragraph\">Andr\u00e9s Fern\u00e1ndez Narro \u2013 Nacido en 1907<\/p>\n\n\n\n<p class=\"wp-block-paragraph\">Jos\u00e9 Mar\u00eda Fern\u00e1ndez Rodr\u00edguez \u2013 Nacido en 1906<\/p>\n\n\n\n<p class=\"wp-block-paragraph\">Alfonso Garc\u00eda Reseco \u2013 Nacido en 1919<\/p>\n\n\n\n<p class=\"wp-block-paragraph\">Francisco Herrero Gonz\u00e1lez \u2013 Nacido en 1917<\/p>\n\n\n\n<p class=\"wp-block-paragraph\">Rafael Juan Montero \u2013 Nacido en 1918<\/p>\n\n\n\n<p class=\"wp-block-paragraph\">Juan Moral Milla \u2013 Nacido en 1901<\/p>\n\n\n\n<p class=\"wp-block-paragraph\">Jos\u00e9 Murillo Campos \u2013 Nacido en 1917<\/p>\n\n\n\n<p class=\"wp-block-paragraph\">Mariano Ortega Moreno \u2013 Nacido en 1915<\/p>\n\n\n\n<p class=\"wp-block-paragraph\">F\u00e9lix Paredes Consuegra \u2013 Nacido en 1918<\/p>\n\n\n\n<p class=\"wp-block-paragraph\">Francisco P\u00e9rez Vacas \u2013 Nacido en 1913<\/p>\n\n\n\n<p class=\"wp-block-paragraph\">Juan Ramos Romero \u2013 Nacido en 1920<\/p>\n\n\n\n<p class=\"wp-block-paragraph\">Ernesto Tejada Molina \u2013 Nacido en 1918<\/p>\n\n\n\n<p class=\"wp-block-paragraph\">Jos\u00e9 Tejeda Hidalgo \u2013 Nacido en 1914<\/p>\n\n\n\n<p class=\"wp-block-paragraph\">Juli\u00e1n Vigara Murillo \u2013 Nacido en 1911<\/p>\n\n\n\n<p class=\"wp-block-paragraph\">Andr\u00e9 Basile Vovk Khmelevsky \u2013 Nacido en 1922<\/p>\n\n\n\n<blockquote class=\"wp-block-quote is-layout-flow wp-block-quote-is-layout-flow\"><p>Aquellas personas que puedan aportar alguna informaci\u00f3n pueden dirigirse al&nbsp;<strong>Archivo Municipal de Pe\u00f1arroya-Pueblonuevo<\/strong>, contactando a trav\u00e9s del tel\u00e9fono:&nbsp;<strong>672 36 91 50<\/strong>, o person\u00e1ndose en la Biblioteca P\u00fablica Municipal de la localidad.<\/p><\/blockquote>\n\n\n\n<p class=\"wp-block-paragraph\">Articulo extra\u00eddo de <a href=\"https:\/\/www.diariocordoba.com\/cordoba\/2022\/01\/03\/penarroya-pueblonuevo-homenajea-piedras-memoria-61225279.html\">diario C\u00f3rdoba<\/a>. Pe\u00f1arroya-Pueblonuevo&nbsp;|&nbsp;03\u00b701\u00b722&nbsp;|&nbsp;12:12<\/p>\n","protected":false},"excerpt":{"rendered":"<p>Las &#8216;Stolpersteine&#8217; en su designaci\u00f3n en alem\u00e1n, son peque\u00f1os monumentos conmemorativos con los datos de las personas a las que se quiere recordar El Ayuntamiento de&nbsp;Pe\u00f1arroya-Pueblonuevo, \u00aben su compromiso con la memoria democr\u00e1tica\u00bb, y la&nbsp;Asociaci\u00f3n Tri\u00e1ngulo Azul Stolpersteinehomenajear\u00e1n a vecinos que vivieron en la localidad&hellip;<\/p>\n","protected":false},"author":1,"featured_media":1341,"comment_status":"closed","ping_status":"closed","sticky":false,"template":"","format":"standard","meta":{"_exactmetrics_skip_tracking":false,"footnotes":""},"categories":[1,9],"tags":[43,46],"class_list":["post-1340","post","type-post","status-publish","format-standard","has-post-thumbnail","hentry","category-memoria-democratica","category-noticias","tag-memoria-democratica","tag-noticias"],"yoast_head":"<!-- This site is optimized with the Yoast SEO plugin v28.2 - https:\/\/yoast.com\/product\/yoast-seo-wordpress\/ -->\n<title>Pe\u00f1arroya-Pueblonuevo homenajea con piedras de la memoria<\/title>\n<meta name=\"description\" content=\"Pe\u00f1arroya-Pueblonuevo homenajea con piedras de la memoria a sus vecinos v\u00edctimas de los nazis\" \/>\n<meta name=\"robots\" content=\"index, follow, max-snippet:-1, max-image-preview:large, max-video-preview:-1\" \/>\n<link rel=\"canonical\" href=\"https:\/\/xn--memoriademocraticadepearroyapueblonuevo-1yd.es\/index.php\/2022\/03\/09\/penarroya-pueblonuevo-homenajea-con-piedras-de-la-memoria-a-sus-vecinos-victimas-de-los-nazis\/\" \/>\n<meta property=\"og:locale\" content=\"es_ES\" \/>\n<meta property=\"og:type\" content=\"article\" \/>\n<meta property=\"og:title\" content=\"Pe\u00f1arroya-Pueblonuevo homenajea con piedras de la memoria\" \/>\n<meta property=\"og:description\" content=\"Pe\u00f1arroya-Pueblonuevo homenajea con piedras de la memoria a sus vecinos v\u00edctimas de los nazis\" \/>\n<meta property=\"og:url\" content=\"https:\/\/xn--memoriademocraticadepearroyapueblonuevo-1yd.es\/index.php\/2022\/03\/09\/penarroya-pueblonuevo-homenajea-con-piedras-de-la-memoria-a-sus-vecinos-victimas-de-los-nazis\/\" \/>\n<meta property=\"og:site_name\" content=\"Memoria democr&aacute;tica del Guadiato\" \/>\n<meta property=\"article:published_time\" content=\"2022-03-09T11:22:19+00:00\" \/>\n<meta property=\"article:modified_time\" content=\"2022-05-09T08:49:29+00:00\" \/>\n<meta property=\"og:image\" content=\"https:\/\/xn--memoriademocraticadepearroyapueblonuevo-1yd.es\/wp-content\/uploads\/2022\/03\/73812ba3-3761-4b79-98ca-b4e3e86845c9_16-9-aspect-ratio_default_0.jpg\" \/>\n\t<meta property=\"og:image:width\" content=\"880\" \/>\n\t<meta property=\"og:image:height\" content=\"495\" \/>\n\t<meta property=\"og:image:type\" content=\"image\/jpeg\" \/>\n<meta name=\"author\" content=\"admin\" \/>\n<meta name=\"twitter:card\" content=\"summary_large_image\" \/>\n<meta name=\"twitter:label1\" content=\"Escrito por\" \/>\n\t<meta name=\"twitter:data1\" content=\"admin\" \/>\n\t<meta name=\"twitter:label2\" content=\"Tiempo de lectura\" \/>\n\t<meta name=\"twitter:data2\" content=\"3 minutos\" \/>\n<script type=\"application\/ld+json\" class=\"yoast-schema-graph\">{\"@context\":\"https:\\\/\\\/schema.org\",\"@graph\":[{\"@type\":\"Article\",\"@id\":\"https:\\\/\\\/xn--memoriademocraticadepearroyapueblonuevo-1yd.es\\\/index.php\\\/2022\\\/03\\\/09\\\/penarroya-pueblonuevo-homenajea-con-piedras-de-la-memoria-a-sus-vecinos-victimas-de-los-nazis\\\/#article\",\"isPartOf\":{\"@id\":\"https:\\\/\\\/xn--memoriademocraticadepearroyapueblonuevo-1yd.es\\\/index.php\\\/2022\\\/03\\\/09\\\/penarroya-pueblonuevo-homenajea-con-piedras-de-la-memoria-a-sus-vecinos-victimas-de-los-nazis\\\/\"},\"author\":{\"name\":\"admin\",\"@id\":\"https:\\\/\\\/xn--memoriademocraticadepearroyapueblonuevo-1yd.es\\\/#\\\/schema\\\/person\\\/6b3171435f012d1dd11f8802ca2efb59\"},\"headline\":\"Pe\u00f1arroya-Pueblonuevo homenajea con piedras de la memoria a sus vecinos v\u00edctimas de los nazis\",\"datePublished\":\"2022-03-09T11:22:19+00:00\",\"dateModified\":\"2022-05-09T08:49:29+00:00\",\"mainEntityOfPage\":{\"@id\":\"https:\\\/\\\/xn--memoriademocraticadepearroyapueblonuevo-1yd.es\\\/index.php\\\/2022\\\/03\\\/09\\\/penarroya-pueblonuevo-homenajea-con-piedras-de-la-memoria-a-sus-vecinos-victimas-de-los-nazis\\\/\"},\"wordCount\":454,\"image\":{\"@id\":\"https:\\\/\\\/xn--memoriademocraticadepearroyapueblonuevo-1yd.es\\\/index.php\\\/2022\\\/03\\\/09\\\/penarroya-pueblonuevo-homenajea-con-piedras-de-la-memoria-a-sus-vecinos-victimas-de-los-nazis\\\/#primaryimage\"},\"thumbnailUrl\":\"https:\\\/\\\/xn--memoriademocraticadepearroyapueblonuevo-1yd.es\\\/wp-content\\\/uploads\\\/2022\\\/03\\\/73812ba3-3761-4b79-98ca-b4e3e86845c9_16-9-aspect-ratio_default_0.jpg\",\"keywords\":[\"Memoria Democr\u00e1tica\",\"Noticias\"],\"articleSection\":[\"Memoria Democr\u00e1tica\",\"Noticias\"],\"inLanguage\":\"es\"},{\"@type\":\"WebPage\",\"@id\":\"https:\\\/\\\/xn--memoriademocraticadepearroyapueblonuevo-1yd.es\\\/index.php\\\/2022\\\/03\\\/09\\\/penarroya-pueblonuevo-homenajea-con-piedras-de-la-memoria-a-sus-vecinos-victimas-de-los-nazis\\\/\",\"url\":\"https:\\\/\\\/xn--memoriademocraticadepearroyapueblonuevo-1yd.es\\\/index.php\\\/2022\\\/03\\\/09\\\/penarroya-pueblonuevo-homenajea-con-piedras-de-la-memoria-a-sus-vecinos-victimas-de-los-nazis\\\/\",\"name\":\"Pe\u00f1arroya-Pueblonuevo homenajea con piedras de la memoria\",\"isPartOf\":{\"@id\":\"https:\\\/\\\/xn--memoriademocraticadepearroyapueblonuevo-1yd.es\\\/#website\"},\"primaryImageOfPage\":{\"@id\":\"https:\\\/\\\/xn--memoriademocraticadepearroyapueblonuevo-1yd.es\\\/index.php\\\/2022\\\/03\\\/09\\\/penarroya-pueblonuevo-homenajea-con-piedras-de-la-memoria-a-sus-vecinos-victimas-de-los-nazis\\\/#primaryimage\"},\"image\":{\"@id\":\"https:\\\/\\\/xn--memoriademocraticadepearroyapueblonuevo-1yd.es\\\/index.php\\\/2022\\\/03\\\/09\\\/penarroya-pueblonuevo-homenajea-con-piedras-de-la-memoria-a-sus-vecinos-victimas-de-los-nazis\\\/#primaryimage\"},\"thumbnailUrl\":\"https:\\\/\\\/xn--memoriademocraticadepearroyapueblonuevo-1yd.es\\\/wp-content\\\/uploads\\\/2022\\\/03\\\/73812ba3-3761-4b79-98ca-b4e3e86845c9_16-9-aspect-ratio_default_0.jpg\",\"datePublished\":\"2022-03-09T11:22:19+00:00\",\"dateModified\":\"2022-05-09T08:49:29+00:00\",\"author\":{\"@id\":\"https:\\\/\\\/xn--memoriademocraticadepearroyapueblonuevo-1yd.es\\\/#\\\/schema\\\/person\\\/6b3171435f012d1dd11f8802ca2efb59\"},\"description\":\"Pe\u00f1arroya-Pueblonuevo homenajea con piedras de la memoria a sus vecinos v\u00edctimas de los nazis\",\"breadcrumb\":{\"@id\":\"https:\\\/\\\/xn--memoriademocraticadepearroyapueblonuevo-1yd.es\\\/index.php\\\/2022\\\/03\\\/09\\\/penarroya-pueblonuevo-homenajea-con-piedras-de-la-memoria-a-sus-vecinos-victimas-de-los-nazis\\\/#breadcrumb\"},\"inLanguage\":\"es\",\"potentialAction\":[{\"@type\":\"ReadAction\",\"target\":[\"https:\\\/\\\/xn--memoriademocraticadepearroyapueblonuevo-1yd.es\\\/index.php\\\/2022\\\/03\\\/09\\\/penarroya-pueblonuevo-homenajea-con-piedras-de-la-memoria-a-sus-vecinos-victimas-de-los-nazis\\\/\"]}]},{\"@type\":\"ImageObject\",\"inLanguage\":\"es\",\"@id\":\"https:\\\/\\\/xn--memoriademocraticadepearroyapueblonuevo-1yd.es\\\/index.php\\\/2022\\\/03\\\/09\\\/penarroya-pueblonuevo-homenajea-con-piedras-de-la-memoria-a-sus-vecinos-victimas-de-los-nazis\\\/#primaryimage\",\"url\":\"https:\\\/\\\/xn--memoriademocraticadepearroyapueblonuevo-1yd.es\\\/wp-content\\\/uploads\\\/2022\\\/03\\\/73812ba3-3761-4b79-98ca-b4e3e86845c9_16-9-aspect-ratio_default_0.jpg\",\"contentUrl\":\"https:\\\/\\\/xn--memoriademocraticadepearroyapueblonuevo-1yd.es\\\/wp-content\\\/uploads\\\/2022\\\/03\\\/73812ba3-3761-4b79-98ca-b4e3e86845c9_16-9-aspect-ratio_default_0.jpg\",\"width\":880,\"height\":495},{\"@type\":\"BreadcrumbList\",\"@id\":\"https:\\\/\\\/xn--memoriademocraticadepearroyapueblonuevo-1yd.es\\\/index.php\\\/2022\\\/03\\\/09\\\/penarroya-pueblonuevo-homenajea-con-piedras-de-la-memoria-a-sus-vecinos-victimas-de-los-nazis\\\/#breadcrumb\",\"itemListElement\":[{\"@type\":\"ListItem\",\"position\":1,\"name\":\"Portada\",\"item\":\"https:\\\/\\\/xn--memoriademocraticadepearroyapueblonuevo-1yd.es\\\/\"},{\"@type\":\"ListItem\",\"position\":2,\"name\":\"Pe\u00f1arroya-Pueblonuevo homenajea con piedras de la memoria a sus vecinos v\u00edctimas de los nazis\"}]},{\"@type\":\"WebSite\",\"@id\":\"https:\\\/\\\/xn--memoriademocraticadepearroyapueblonuevo-1yd.es\\\/#website\",\"url\":\"https:\\\/\\\/xn--memoriademocraticadepearroyapueblonuevo-1yd.es\\\/\",\"name\":\"Memoria democr&aacute;tica del Guadiato\",\"description\":\"Memoria democr&aacute;tica del Guadiato\",\"potentialAction\":[{\"@type\":\"SearchAction\",\"target\":{\"@type\":\"EntryPoint\",\"urlTemplate\":\"https:\\\/\\\/xn--memoriademocraticadepearroyapueblonuevo-1yd.es\\\/?s={search_term_string}\"},\"query-input\":{\"@type\":\"PropertyValueSpecification\",\"valueRequired\":true,\"valueName\":\"search_term_string\"}}],\"inLanguage\":\"es\"},{\"@type\":\"Person\",\"@id\":\"https:\\\/\\\/xn--memoriademocraticadepearroyapueblonuevo-1yd.es\\\/#\\\/schema\\\/person\\\/6b3171435f012d1dd11f8802ca2efb59\",\"name\":\"admin\",\"image\":{\"@type\":\"ImageObject\",\"inLanguage\":\"es\",\"@id\":\"https:\\\/\\\/secure.gravatar.com\\\/avatar\\\/40bff365fb13a637105976d970b2ec28d48204cfb513ca76a4ff31d222d10962?s=96&d=mm&r=g\",\"url\":\"https:\\\/\\\/secure.gravatar.com\\\/avatar\\\/40bff365fb13a637105976d970b2ec28d48204cfb513ca76a4ff31d222d10962?s=96&d=mm&r=g\",\"contentUrl\":\"https:\\\/\\\/secure.gravatar.com\\\/avatar\\\/40bff365fb13a637105976d970b2ec28d48204cfb513ca76a4ff31d222d10962?s=96&d=mm&r=g\",\"caption\":\"admin\"},\"sameAs\":[\"https:\\\/\\\/xn--memoriademocraticadepearroyapueblonuevo-1yd.es\"],\"url\":\"https:\\\/\\\/xn--memoriademocraticadepearroyapueblonuevo-1yd.es\\\/index.php\\\/author\\\/admin\\\/\"}]}<\/script>\n<!-- \/ Yoast SEO plugin. -->","yoast_head_json":{"title":"Pe\u00f1arroya-Pueblonuevo homenajea con piedras de la memoria","description":"Pe\u00f1arroya-Pueblonuevo homenajea con piedras de la memoria a sus vecinos v\u00edctimas de los nazis","robots":{"index":"index","follow":"follow","max-snippet":"max-snippet:-1","max-image-preview":"max-image-preview:large","max-video-preview":"max-video-preview:-1"},"canonical":"https:\/\/xn--memoriademocraticadepearroyapueblonuevo-1yd.es\/index.php\/2022\/03\/09\/penarroya-pueblonuevo-homenajea-con-piedras-de-la-memoria-a-sus-vecinos-victimas-de-los-nazis\/","og_locale":"es_ES","og_type":"article","og_title":"Pe\u00f1arroya-Pueblonuevo homenajea con piedras de la memoria","og_description":"Pe\u00f1arroya-Pueblonuevo homenajea con piedras de la memoria a sus vecinos v\u00edctimas de los nazis","og_url":"https:\/\/xn--memoriademocraticadepearroyapueblonuevo-1yd.es\/index.php\/2022\/03\/09\/penarroya-pueblonuevo-homenajea-con-piedras-de-la-memoria-a-sus-vecinos-victimas-de-los-nazis\/","og_site_name":"Memoria democr&aacute;tica del Guadiato","article_published_time":"2022-03-09T11:22:19+00:00","article_modified_time":"2022-05-09T08:49:29+00:00","og_image":[{"width":880,"height":495,"url":"https:\/\/xn--memoriademocraticadepearroyapueblonuevo-1yd.es\/wp-content\/uploads\/2022\/03\/73812ba3-3761-4b79-98ca-b4e3e86845c9_16-9-aspect-ratio_default_0.jpg","type":"image\/jpeg"}],"author":"admin","twitter_card":"summary_large_image","twitter_misc":{"Escrito por":"admin","Tiempo de lectura":"3 minutos"},"schema":{"@context":"https:\/\/schema.org","@graph":[{"@type":"Article","@id":"https:\/\/xn--memoriademocraticadepearroyapueblonuevo-1yd.es\/index.php\/2022\/03\/09\/penarroya-pueblonuevo-homenajea-con-piedras-de-la-memoria-a-sus-vecinos-victimas-de-los-nazis\/#article","isPartOf":{"@id":"https:\/\/xn--memoriademocraticadepearroyapueblonuevo-1yd.es\/index.php\/2022\/03\/09\/penarroya-pueblonuevo-homenajea-con-piedras-de-la-memoria-a-sus-vecinos-victimas-de-los-nazis\/"},"author":{"name":"admin","@id":"https:\/\/xn--memoriademocraticadepearroyapueblonuevo-1yd.es\/#\/schema\/person\/6b3171435f012d1dd11f8802ca2efb59"},"headline":"Pe\u00f1arroya-Pueblonuevo homenajea con piedras de la memoria a sus vecinos v\u00edctimas de los nazis","datePublished":"2022-03-09T11:22:19+00:00","dateModified":"2022-05-09T08:49:29+00:00","mainEntityOfPage":{"@id":"https:\/\/xn--memoriademocraticadepearroyapueblonuevo-1yd.es\/index.php\/2022\/03\/09\/penarroya-pueblonuevo-homenajea-con-piedras-de-la-memoria-a-sus-vecinos-victimas-de-los-nazis\/"},"wordCount":454,"image":{"@id":"https:\/\/xn--memoriademocraticadepearroyapueblonuevo-1yd.es\/index.php\/2022\/03\/09\/penarroya-pueblonuevo-homenajea-con-piedras-de-la-memoria-a-sus-vecinos-victimas-de-los-nazis\/#primaryimage"},"thumbnailUrl":"https:\/\/xn--memoriademocraticadepearroyapueblonuevo-1yd.es\/wp-content\/uploads\/2022\/03\/73812ba3-3761-4b79-98ca-b4e3e86845c9_16-9-aspect-ratio_default_0.jpg","keywords":["Memoria Democr\u00e1tica","Noticias"],"articleSection":["Memoria Democr\u00e1tica","Noticias"],"inLanguage":"es"},{"@type":"WebPage","@id":"https:\/\/xn--memoriademocraticadepearroyapueblonuevo-1yd.es\/index.php\/2022\/03\/09\/penarroya-pueblonuevo-homenajea-con-piedras-de-la-memoria-a-sus-vecinos-victimas-de-los-nazis\/","url":"https:\/\/xn--memoriademocraticadepearroyapueblonuevo-1yd.es\/index.php\/2022\/03\/09\/penarroya-pueblonuevo-homenajea-con-piedras-de-la-memoria-a-sus-vecinos-victimas-de-los-nazis\/","name":"Pe\u00f1arroya-Pueblonuevo homenajea con piedras de la memoria","isPartOf":{"@id":"https:\/\/xn--memoriademocraticadepearroyapueblonuevo-1yd.es\/#website"},"primaryImageOfPage":{"@id":"https:\/\/xn--memoriademocraticadepearroyapueblonuevo-1yd.es\/index.php\/2022\/03\/09\/penarroya-pueblonuevo-homenajea-con-piedras-de-la-memoria-a-sus-vecinos-victimas-de-los-nazis\/#primaryimage"},"image":{"@id":"https:\/\/xn--memoriademocraticadepearroyapueblonuevo-1yd.es\/index.php\/2022\/03\/09\/penarroya-pueblonuevo-homenajea-con-piedras-de-la-memoria-a-sus-vecinos-victimas-de-los-nazis\/#primaryimage"},"thumbnailUrl":"https:\/\/xn--memoriademocraticadepearroyapueblonuevo-1yd.es\/wp-content\/uploads\/2022\/03\/73812ba3-3761-4b79-98ca-b4e3e86845c9_16-9-aspect-ratio_default_0.jpg","datePublished":"2022-03-09T11:22:19+00:00","dateModified":"2022-05-09T08:49:29+00:00","author":{"@id":"https:\/\/xn--memoriademocraticadepearroyapueblonuevo-1yd.es\/#\/schema\/person\/6b3171435f012d1dd11f8802ca2efb59"},"description":"Pe\u00f1arroya-Pueblonuevo homenajea con piedras de la memoria a sus vecinos v\u00edctimas de los nazis","breadcrumb":{"@id":"https:\/\/xn--memoriademocraticadepearroyapueblonuevo-1yd.es\/index.php\/2022\/03\/09\/penarroya-pueblonuevo-homenajea-con-piedras-de-la-memoria-a-sus-vecinos-victimas-de-los-nazis\/#breadcrumb"},"inLanguage":"es","potentialAction":[{"@type":"ReadAction","target":["https:\/\/xn--memoriademocraticadepearroyapueblonuevo-1yd.es\/index.php\/2022\/03\/09\/penarroya-pueblonuevo-homenajea-con-piedras-de-la-memoria-a-sus-vecinos-victimas-de-los-nazis\/"]}]},{"@type":"ImageObject","inLanguage":"es","@id":"https:\/\/xn--memoriademocraticadepearroyapueblonuevo-1yd.es\/index.php\/2022\/03\/09\/penarroya-pueblonuevo-homenajea-con-piedras-de-la-memoria-a-sus-vecinos-victimas-de-los-nazis\/#primaryimage","url":"https:\/\/xn--memoriademocraticadepearroyapueblonuevo-1yd.es\/wp-content\/uploads\/2022\/03\/73812ba3-3761-4b79-98ca-b4e3e86845c9_16-9-aspect-ratio_default_0.jpg","contentUrl":"https:\/\/xn--memoriademocraticadepearroyapueblonuevo-1yd.es\/wp-content\/uploads\/2022\/03\/73812ba3-3761-4b79-98ca-b4e3e86845c9_16-9-aspect-ratio_default_0.jpg","width":880,"height":495},{"@type":"BreadcrumbList","@id":"https:\/\/xn--memoriademocraticadepearroyapueblonuevo-1yd.es\/index.php\/2022\/03\/09\/penarroya-pueblonuevo-homenajea-con-piedras-de-la-memoria-a-sus-vecinos-victimas-de-los-nazis\/#breadcrumb","itemListElement":[{"@type":"ListItem","position":1,"name":"Portada","item":"https:\/\/xn--memoriademocraticadepearroyapueblonuevo-1yd.es\/"},{"@type":"ListItem","position":2,"name":"Pe\u00f1arroya-Pueblonuevo homenajea con piedras de la memoria a sus vecinos v\u00edctimas de los nazis"}]},{"@type":"WebSite","@id":"https:\/\/xn--memoriademocraticadepearroyapueblonuevo-1yd.es\/#website","url":"https:\/\/xn--memoriademocraticadepearroyapueblonuevo-1yd.es\/","name":"Memoria democr&aacute;tica del Guadiato","description":"Memoria democr&aacute;tica del Guadiato","potentialAction":[{"@type":"SearchAction","target":{"@type":"EntryPoint","urlTemplate":"https:\/\/xn--memoriademocraticadepearroyapueblonuevo-1yd.es\/?s={search_term_string}"},"query-input":{"@type":"PropertyValueSpecification","valueRequired":true,"valueName":"search_term_string"}}],"inLanguage":"es"},{"@type":"Person","@id":"https:\/\/xn--memoriademocraticadepearroyapueblonuevo-1yd.es\/#\/schema\/person\/6b3171435f012d1dd11f8802ca2efb59","name":"admin","image":{"@type":"ImageObject","inLanguage":"es","@id":"https:\/\/secure.gravatar.com\/avatar\/40bff365fb13a637105976d970b2ec28d48204cfb513ca76a4ff31d222d10962?s=96&d=mm&r=g","url":"https:\/\/secure.gravatar.com\/avatar\/40bff365fb13a637105976d970b2ec28d48204cfb513ca76a4ff31d222d10962?s=96&d=mm&r=g","contentUrl":"https:\/\/secure.gravatar.com\/avatar\/40bff365fb13a637105976d970b2ec28d48204cfb513ca76a4ff31d222d10962?s=96&d=mm&r=g","caption":"admin"},"sameAs":["https:\/\/xn--memoriademocraticadepearroyapueblonuevo-1yd.es"],"url":"https:\/\/xn--memoriademocraticadepearroyapueblonuevo-1yd.es\/index.php\/author\/admin\/"}]}},"_links":{"self":[{"href":"https:\/\/xn--memoriademocraticadepearroyapueblonuevo-1yd.es\/index.php\/wp-json\/wp\/v2\/posts\/1340","targetHints":{"allow":["GET"]}}],"collection":[{"href":"https:\/\/xn--memoriademocraticadepearroyapueblonuevo-1yd.es\/index.php\/wp-json\/wp\/v2\/posts"}],"about":[{"href":"https:\/\/xn--memoriademocraticadepearroyapueblonuevo-1yd.es\/index.php\/wp-json\/wp\/v2\/types\/post"}],"author":[{"embeddable":true,"href":"https:\/\/xn--memoriademocraticadepearroyapueblonuevo-1yd.es\/index.php\/wp-json\/wp\/v2\/users\/1"}],"replies":[{"embeddable":true,"href":"https:\/\/xn--memoriademocraticadepearroyapueblonuevo-1yd.es\/index.php\/wp-json\/wp\/v2\/comments?post=1340"}],"version-history":[{"count":2,"href":"https:\/\/xn--memoriademocraticadepearroyapueblonuevo-1yd.es\/index.php\/wp-json\/wp\/v2\/posts\/1340\/revisions"}],"predecessor-version":[{"id":1606,"href":"https:\/\/xn--memoriademocraticadepearroyapueblonuevo-1yd.es\/index.php\/wp-json\/wp\/v2\/posts\/1340\/revisions\/1606"}],"wp:featuredmedia":[{"embeddable":true,"href":"https:\/\/xn--memoriademocraticadepearroyapueblonuevo-1yd.es\/index.php\/wp-json\/wp\/v2\/media\/1341"}],"wp:attachment":[{"href":"https:\/\/xn--memoriademocraticadepearroyapueblonuevo-1yd.es\/index.php\/wp-json\/wp\/v2\/media?parent=1340"}],"wp:term":[{"taxonomy":"category","embeddable":true,"href":"https:\/\/xn--memoriademocraticadepearroyapueblonuevo-1yd.es\/index.php\/wp-json\/wp\/v2\/categories?post=1340"},{"taxonomy":"post_tag","embeddable":true,"href":"https:\/\/xn--memoriademocraticadepearroyapueblonuevo-1yd.es\/index.php\/wp-json\/wp\/v2\/tags?post=1340"}],"curies":[{"name":"wp","href":"https:\/\/api.w.org\/{rel}","templated":true}]}}