{"id":1279,"date":"2022-02-21T09:11:01","date_gmt":"2022-02-21T09:11:01","guid":{"rendered":"https:\/\/xn--memoriademocraticadepearroyapueblonuevo-1yd.es\/?p=1279"},"modified":"2022-05-09T08:24:32","modified_gmt":"2022-05-09T08:24:32","slug":"felix-paredes-consuegra","status":"publish","type":"post","link":"https:\/\/xn--memoriademocraticadepearroyapueblonuevo-1yd.es\/index.php\/2022\/02\/21\/felix-paredes-consuegra\/","title":{"rendered":"F\u00e9lix Paredes Consuegra"},"content":{"rendered":"<p><strong><img loading=\"lazy\" decoding=\"async\" class=\"size-medium wp-image-1512 alignleft\" src=\"https:\/\/xn--memoriademocraticadepearroyapueblonuevo-1yd.es\/wp-content\/uploads\/2022\/02\/Felix-202x300.png\" alt=\"\" width=\"202\" height=\"300\" srcset=\"https:\/\/xn--memoriademocraticadepearroyapueblonuevo-1yd.es\/wp-content\/uploads\/2022\/02\/Felix-202x300.png 202w, https:\/\/xn--memoriademocraticadepearroyapueblonuevo-1yd.es\/wp-content\/uploads\/2022\/02\/Felix-370x549.png 370w, https:\/\/xn--memoriademocraticadepearroyapueblonuevo-1yd.es\/wp-content\/uploads\/2022\/02\/Felix.png 584w\" sizes=\"auto, (max-width: 202px) 100vw, 202px\" \/><\/strong><\/p>\n<p><strong>F\u00e9lix Paredes Consuegra<\/strong><\/p>\n<p><strong>Lugar y fecha de nacimiento:<\/strong> en la calle Grito n.\u00ba 27\u00a0de Pueblonuevo del Terrible, 01\/05\/1918. Direcci\u00f3n de\u00a0residencia que dio en el campo: C\/ Eduardo Dato 98,\u00a0Pe\u00f1arroya.<\/p>\n<p><strong>Familia:<\/strong> padres &#8211; Luis Paredes Carrasco, de Belalc\u00e1zar\u00a0y jornalero, y Teresa Consuegra Vel\u00e1zquez, de Aldea\u00a0de Los P\u00e1nchez, de Fuente Obejuna. Direcci\u00f3n de sus\u00a0padres: C\/ Capit\u00e1n Cort\u00e9s 64, Pueblonuevo del Terrible.<\/p>\n<p><strong>Profesi\u00f3n:<\/strong> alba\u00f1il. Soltero.<\/p>\n<p><strong>Frontstalag (campo de prisioneros de guerra en el\u00a0frente):<\/strong> 184 Les Alliers (Angulema, Francia).<\/p>\n<p><strong>Convoy:<\/strong> parti\u00f3 de Angulema a Mauthausen el\u00a020\/08\/1940 en el conocido convoy de los \u201c927\u00a0espa\u00f1oles\u201d. Hacinados, con apenas comida y sin ninguna higiene, el convoy de los\u00a0927 espa\u00f1oles vag\u00f3 durante cuatro d\u00edas por media Europa hasta llegar en la\u00a0madrugada del 24 de agosto a la estaci\u00f3n de Mauthausen. Los SS separaron a las\u00a0mujeres y a los ni\u00f1os menores de 13 a\u00f1os y les obligaron a subir de nuevo a los\u00a0vagones. Inmediatamente partieron hacia Ir\u00fan, donde ser\u00edan entregados a la polic\u00eda\u00a0franquista. El resto, 430 hombres y adolescentes, emprendieron a pie el camino hacia\u00a0el campo de concentraci\u00f3n. De ellos \u00fanicamente un pu\u00f1ado lleg\u00f3 a conocer la\u00a0liberaci\u00f3n de Mauthausen en mayo de 1945.<\/p>\n<p><strong>Mauthausen:<\/strong><br \/>Fecha de llegada: 24\/08\/1940.<br \/>Matr\u00edcula: 4064.<br \/>Kommandos y traslados: fue trasladado a Gusen el 24\/01\/1941, matr\u00edcula: 9542.<br \/>Fecha y lugar de defunci\u00f3n: 30\/11\/1941, Gusen. Seg\u00fan la documentaci\u00f3n del<br \/>campo muri\u00f3 a las 7:15 en Gusen de \u201csuicidio por electrocuci\u00f3n\u201d.<\/p>\n<p><strong>Otros:<\/strong> su hermana, Francisca Paredes Consuegra vive en la residencia de<br \/>Pe\u00f1arroya-Pueblonuevo. Tiene una sobrina-nieta, Marie Maroto, que vive en B\u00e9lgica<br \/>(mariejosemaroto@gmail.com).<\/p>\n\n\n<p><\/p>\n","protected":false},"excerpt":{"rendered":"<p>F\u00e9lix Paredes Consuegra Lugar y fecha de nacimiento: en la calle Grito n.\u00ba 27\u00a0de Pueblonuevo del Terrible, 01\/05\/1918. Direcci\u00f3n de\u00a0residencia que dio en el campo: C\/ Eduardo Dato 98,\u00a0Pe\u00f1arroya. Familia: padres &#8211; Luis Paredes Carrasco, de Belalc\u00e1zar\u00a0y jornalero, y Teresa Consuegra Vel\u00e1zquez, de Aldea\u00a0de Los&hellip;<\/p>\n","protected":false},"author":1,"featured_media":1512,"comment_status":"open","ping_status":"open","sticky":false,"template":"","format":"standard","meta":{"_exactmetrics_skip_tracking":false,"_exactmetrics_sitenote_active":false,"_exactmetrics_sitenote_note":"","_exactmetrics_sitenote_category":0,"footnotes":""},"categories":[9,38],"tags":[46,53],"class_list":["post-1279","post","type-post","status-publish","format-standard","has-post-thumbnail","hentry","category-noticias","category-personajes","tag-noticias","tag-personajes"],"yoast_head":"<!-- This site is optimized with the Yoast SEO plugin v27.2 - https:\/\/yoast.com\/product\/yoast-seo-wordpress\/ -->\n<title>F\u00e9lix Paredes Consuegra<\/title>\n<meta name=\"robots\" content=\"index, follow, max-snippet:-1, max-image-preview:large, max-video-preview:-1\" \/>\n<link rel=\"canonical\" href=\"https:\/\/xn--memoriademocraticadepearroyapueblonuevo-1yd.es\/index.php\/2022\/02\/21\/felix-paredes-consuegra\/\" \/>\n<meta property=\"og:locale\" content=\"es_ES\" \/>\n<meta property=\"og:type\" content=\"article\" \/>\n<meta property=\"og:title\" content=\"F\u00e9lix Paredes Consuegra\" \/>\n<meta property=\"og:description\" content=\"F\u00e9lix Paredes Consuegra Lugar y fecha de nacimiento: en la calle Grito n.\u00ba 27\u00a0de Pueblonuevo del Terrible, 01\/05\/1918. Direcci\u00f3n de\u00a0residencia que dio en el campo: C\/ Eduardo Dato 98,\u00a0Pe\u00f1arroya. Familia: padres &#8211; Luis Paredes Carrasco, de Belalc\u00e1zar\u00a0y jornalero, y Teresa Consuegra Vel\u00e1zquez, de Aldea\u00a0de Los&hellip;\" \/>\n<meta property=\"og:url\" content=\"https:\/\/xn--memoriademocraticadepearroyapueblonuevo-1yd.es\/index.php\/2022\/02\/21\/felix-paredes-consuegra\/\" \/>\n<meta property=\"og:site_name\" content=\"Memoria democr&aacute;tica del Guadiato\" \/>\n<meta property=\"article:published_time\" content=\"2022-02-21T09:11:01+00:00\" \/>\n<meta property=\"article:modified_time\" content=\"2022-05-09T08:24:32+00:00\" \/>\n<meta property=\"og:image\" content=\"https:\/\/xn--memoriademocraticadepearroyapueblonuevo-1yd.es\/wp-content\/uploads\/2022\/02\/Felix.png\" \/>\n\t<meta property=\"og:image:width\" content=\"584\" \/>\n\t<meta property=\"og:image:height\" content=\"867\" \/>\n\t<meta property=\"og:image:type\" content=\"image\/png\" \/>\n<meta name=\"author\" content=\"admin\" \/>\n<meta name=\"twitter:card\" content=\"summary_large_image\" \/>\n<meta name=\"twitter:label1\" content=\"Escrito por\" \/>\n\t<meta name=\"twitter:data1\" content=\"admin\" \/>\n\t<meta name=\"twitter:label2\" content=\"Tiempo de lectura\" \/>\n\t<meta name=\"twitter:data2\" content=\"2 minutos\" \/>\n<script type=\"application\/ld+json\" class=\"yoast-schema-graph\">{\"@context\":\"https:\/\/schema.org\",\"@graph\":[{\"@type\":\"Article\",\"@id\":\"https:\/\/xn--memoriademocraticadepearroyapueblonuevo-1yd.es\/index.php\/2022\/02\/21\/felix-paredes-consuegra\/#article\",\"isPartOf\":{\"@id\":\"https:\/\/xn--memoriademocraticadepearroyapueblonuevo-1yd.es\/index.php\/2022\/02\/21\/felix-paredes-consuegra\/\"},\"author\":{\"name\":\"admin\",\"@id\":\"https:\/\/xn--memoriademocraticadepearroyapueblonuevo-1yd.es\/#\/schema\/person\/6b3171435f012d1dd11f8802ca2efb59\"},\"headline\":\"F\u00e9lix Paredes Consuegra\",\"datePublished\":\"2022-02-21T09:11:01+00:00\",\"dateModified\":\"2022-05-09T08:24:32+00:00\",\"mainEntityOfPage\":{\"@id\":\"https:\/\/xn--memoriademocraticadepearroyapueblonuevo-1yd.es\/index.php\/2022\/02\/21\/felix-paredes-consuegra\/\"},\"wordCount\":279,\"commentCount\":0,\"image\":{\"@id\":\"https:\/\/xn--memoriademocraticadepearroyapueblonuevo-1yd.es\/index.php\/2022\/02\/21\/felix-paredes-consuegra\/#primaryimage\"},\"thumbnailUrl\":\"https:\/\/xn--memoriademocraticadepearroyapueblonuevo-1yd.es\/wp-content\/uploads\/2022\/02\/Felix.png\",\"keywords\":[\"Noticias\",\"Personajes\"],\"articleSection\":[\"Noticias\",\"Personajes\"],\"inLanguage\":\"es\",\"potentialAction\":[{\"@type\":\"CommentAction\",\"name\":\"Comment\",\"target\":[\"https:\/\/xn--memoriademocraticadepearroyapueblonuevo-1yd.es\/index.php\/2022\/02\/21\/felix-paredes-consuegra\/#respond\"]}]},{\"@type\":\"WebPage\",\"@id\":\"https:\/\/xn--memoriademocraticadepearroyapueblonuevo-1yd.es\/index.php\/2022\/02\/21\/felix-paredes-consuegra\/\",\"url\":\"https:\/\/xn--memoriademocraticadepearroyapueblonuevo-1yd.es\/index.php\/2022\/02\/21\/felix-paredes-consuegra\/\",\"name\":\"F\u00e9lix Paredes Consuegra\",\"isPartOf\":{\"@id\":\"https:\/\/xn--memoriademocraticadepearroyapueblonuevo-1yd.es\/#website\"},\"primaryImageOfPage\":{\"@id\":\"https:\/\/xn--memoriademocraticadepearroyapueblonuevo-1yd.es\/index.php\/2022\/02\/21\/felix-paredes-consuegra\/#primaryimage\"},\"image\":{\"@id\":\"https:\/\/xn--memoriademocraticadepearroyapueblonuevo-1yd.es\/index.php\/2022\/02\/21\/felix-paredes-consuegra\/#primaryimage\"},\"thumbnailUrl\":\"https:\/\/xn--memoriademocraticadepearroyapueblonuevo-1yd.es\/wp-content\/uploads\/2022\/02\/Felix.png\",\"datePublished\":\"2022-02-21T09:11:01+00:00\",\"dateModified\":\"2022-05-09T08:24:32+00:00\",\"author\":{\"@id\":\"https:\/\/xn--memoriademocraticadepearroyapueblonuevo-1yd.es\/#\/schema\/person\/6b3171435f012d1dd11f8802ca2efb59\"},\"breadcrumb\":{\"@id\":\"https:\/\/xn--memoriademocraticadepearroyapueblonuevo-1yd.es\/index.php\/2022\/02\/21\/felix-paredes-consuegra\/#breadcrumb\"},\"inLanguage\":\"es\",\"potentialAction\":[{\"@type\":\"ReadAction\",\"target\":[\"https:\/\/xn--memoriademocraticadepearroyapueblonuevo-1yd.es\/index.php\/2022\/02\/21\/felix-paredes-consuegra\/\"]}]},{\"@type\":\"ImageObject\",\"inLanguage\":\"es\",\"@id\":\"https:\/\/xn--memoriademocraticadepearroyapueblonuevo-1yd.es\/index.php\/2022\/02\/21\/felix-paredes-consuegra\/#primaryimage\",\"url\":\"https:\/\/xn--memoriademocraticadepearroyapueblonuevo-1yd.es\/wp-content\/uploads\/2022\/02\/Felix.png\",\"contentUrl\":\"https:\/\/xn--memoriademocraticadepearroyapueblonuevo-1yd.es\/wp-content\/uploads\/2022\/02\/Felix.png\",\"width\":584,\"height\":867},{\"@type\":\"BreadcrumbList\",\"@id\":\"https:\/\/xn--memoriademocraticadepearroyapueblonuevo-1yd.es\/index.php\/2022\/02\/21\/felix-paredes-consuegra\/#breadcrumb\",\"itemListElement\":[{\"@type\":\"ListItem\",\"position\":1,\"name\":\"Portada\",\"item\":\"https:\/\/xn--memoriademocraticadepearroyapueblonuevo-1yd.es\/\"},{\"@type\":\"ListItem\",\"position\":2,\"name\":\"F\u00e9lix Paredes Consuegra\"}]},{\"@type\":\"WebSite\",\"@id\":\"https:\/\/xn--memoriademocraticadepearroyapueblonuevo-1yd.es\/#website\",\"url\":\"https:\/\/xn--memoriademocraticadepearroyapueblonuevo-1yd.es\/\",\"name\":\"Memoria democr&aacute;tica del Guadiato\",\"description\":\"Memoria democr&aacute;tica del Guadiato\",\"potentialAction\":[{\"@type\":\"SearchAction\",\"target\":{\"@type\":\"EntryPoint\",\"urlTemplate\":\"https:\/\/xn--memoriademocraticadepearroyapueblonuevo-1yd.es\/?s={search_term_string}\"},\"query-input\":{\"@type\":\"PropertyValueSpecification\",\"valueRequired\":true,\"valueName\":\"search_term_string\"}}],\"inLanguage\":\"es\"},{\"@type\":\"Person\",\"@id\":\"https:\/\/xn--memoriademocraticadepearroyapueblonuevo-1yd.es\/#\/schema\/person\/6b3171435f012d1dd11f8802ca2efb59\",\"name\":\"admin\",\"image\":{\"@type\":\"ImageObject\",\"inLanguage\":\"es\",\"@id\":\"https:\/\/secure.gravatar.com\/avatar\/40bff365fb13a637105976d970b2ec28d48204cfb513ca76a4ff31d222d10962?s=96&d=mm&r=g\",\"url\":\"https:\/\/secure.gravatar.com\/avatar\/40bff365fb13a637105976d970b2ec28d48204cfb513ca76a4ff31d222d10962?s=96&d=mm&r=g\",\"contentUrl\":\"https:\/\/secure.gravatar.com\/avatar\/40bff365fb13a637105976d970b2ec28d48204cfb513ca76a4ff31d222d10962?s=96&d=mm&r=g\",\"caption\":\"admin\"},\"sameAs\":[\"https:\/\/xn--memoriademocraticadepearroyapueblonuevo-1yd.es\"],\"url\":\"https:\/\/xn--memoriademocraticadepearroyapueblonuevo-1yd.es\/index.php\/author\/admin\/\"}]}<\/script>\n<!-- \/ Yoast SEO plugin. -->","yoast_head_json":{"title":"F\u00e9lix Paredes Consuegra","robots":{"index":"index","follow":"follow","max-snippet":"max-snippet:-1","max-image-preview":"max-image-preview:large","max-video-preview":"max-video-preview:-1"},"canonical":"https:\/\/xn--memoriademocraticadepearroyapueblonuevo-1yd.es\/index.php\/2022\/02\/21\/felix-paredes-consuegra\/","og_locale":"es_ES","og_type":"article","og_title":"F\u00e9lix Paredes Consuegra","og_description":"F\u00e9lix Paredes Consuegra Lugar y fecha de nacimiento: en la calle Grito n.\u00ba 27\u00a0de Pueblonuevo del Terrible, 01\/05\/1918. Direcci\u00f3n de\u00a0residencia que dio en el campo: C\/ Eduardo Dato 98,\u00a0Pe\u00f1arroya. Familia: padres &#8211; Luis Paredes Carrasco, de Belalc\u00e1zar\u00a0y jornalero, y Teresa Consuegra Vel\u00e1zquez, de Aldea\u00a0de Los&hellip;","og_url":"https:\/\/xn--memoriademocraticadepearroyapueblonuevo-1yd.es\/index.php\/2022\/02\/21\/felix-paredes-consuegra\/","og_site_name":"Memoria democr&aacute;tica del Guadiato","article_published_time":"2022-02-21T09:11:01+00:00","article_modified_time":"2022-05-09T08:24:32+00:00","og_image":[{"width":584,"height":867,"url":"https:\/\/xn--memoriademocraticadepearroyapueblonuevo-1yd.es\/wp-content\/uploads\/2022\/02\/Felix.png","type":"image\/png"}],"author":"admin","twitter_card":"summary_large_image","twitter_misc":{"Escrito por":"admin","Tiempo de lectura":"2 minutos"},"schema":{"@context":"https:\/\/schema.org","@graph":[{"@type":"Article","@id":"https:\/\/xn--memoriademocraticadepearroyapueblonuevo-1yd.es\/index.php\/2022\/02\/21\/felix-paredes-consuegra\/#article","isPartOf":{"@id":"https:\/\/xn--memoriademocraticadepearroyapueblonuevo-1yd.es\/index.php\/2022\/02\/21\/felix-paredes-consuegra\/"},"author":{"name":"admin","@id":"https:\/\/xn--memoriademocraticadepearroyapueblonuevo-1yd.es\/#\/schema\/person\/6b3171435f012d1dd11f8802ca2efb59"},"headline":"F\u00e9lix Paredes Consuegra","datePublished":"2022-02-21T09:11:01+00:00","dateModified":"2022-05-09T08:24:32+00:00","mainEntityOfPage":{"@id":"https:\/\/xn--memoriademocraticadepearroyapueblonuevo-1yd.es\/index.php\/2022\/02\/21\/felix-paredes-consuegra\/"},"wordCount":279,"commentCount":0,"image":{"@id":"https:\/\/xn--memoriademocraticadepearroyapueblonuevo-1yd.es\/index.php\/2022\/02\/21\/felix-paredes-consuegra\/#primaryimage"},"thumbnailUrl":"https:\/\/xn--memoriademocraticadepearroyapueblonuevo-1yd.es\/wp-content\/uploads\/2022\/02\/Felix.png","keywords":["Noticias","Personajes"],"articleSection":["Noticias","Personajes"],"inLanguage":"es","potentialAction":[{"@type":"CommentAction","name":"Comment","target":["https:\/\/xn--memoriademocraticadepearroyapueblonuevo-1yd.es\/index.php\/2022\/02\/21\/felix-paredes-consuegra\/#respond"]}]},{"@type":"WebPage","@id":"https:\/\/xn--memoriademocraticadepearroyapueblonuevo-1yd.es\/index.php\/2022\/02\/21\/felix-paredes-consuegra\/","url":"https:\/\/xn--memoriademocraticadepearroyapueblonuevo-1yd.es\/index.php\/2022\/02\/21\/felix-paredes-consuegra\/","name":"F\u00e9lix Paredes Consuegra","isPartOf":{"@id":"https:\/\/xn--memoriademocraticadepearroyapueblonuevo-1yd.es\/#website"},"primaryImageOfPage":{"@id":"https:\/\/xn--memoriademocraticadepearroyapueblonuevo-1yd.es\/index.php\/2022\/02\/21\/felix-paredes-consuegra\/#primaryimage"},"image":{"@id":"https:\/\/xn--memoriademocraticadepearroyapueblonuevo-1yd.es\/index.php\/2022\/02\/21\/felix-paredes-consuegra\/#primaryimage"},"thumbnailUrl":"https:\/\/xn--memoriademocraticadepearroyapueblonuevo-1yd.es\/wp-content\/uploads\/2022\/02\/Felix.png","datePublished":"2022-02-21T09:11:01+00:00","dateModified":"2022-05-09T08:24:32+00:00","author":{"@id":"https:\/\/xn--memoriademocraticadepearroyapueblonuevo-1yd.es\/#\/schema\/person\/6b3171435f012d1dd11f8802ca2efb59"},"breadcrumb":{"@id":"https:\/\/xn--memoriademocraticadepearroyapueblonuevo-1yd.es\/index.php\/2022\/02\/21\/felix-paredes-consuegra\/#breadcrumb"},"inLanguage":"es","potentialAction":[{"@type":"ReadAction","target":["https:\/\/xn--memoriademocraticadepearroyapueblonuevo-1yd.es\/index.php\/2022\/02\/21\/felix-paredes-consuegra\/"]}]},{"@type":"ImageObject","inLanguage":"es","@id":"https:\/\/xn--memoriademocraticadepearroyapueblonuevo-1yd.es\/index.php\/2022\/02\/21\/felix-paredes-consuegra\/#primaryimage","url":"https:\/\/xn--memoriademocraticadepearroyapueblonuevo-1yd.es\/wp-content\/uploads\/2022\/02\/Felix.png","contentUrl":"https:\/\/xn--memoriademocraticadepearroyapueblonuevo-1yd.es\/wp-content\/uploads\/2022\/02\/Felix.png","width":584,"height":867},{"@type":"BreadcrumbList","@id":"https:\/\/xn--memoriademocraticadepearroyapueblonuevo-1yd.es\/index.php\/2022\/02\/21\/felix-paredes-consuegra\/#breadcrumb","itemListElement":[{"@type":"ListItem","position":1,"name":"Portada","item":"https:\/\/xn--memoriademocraticadepearroyapueblonuevo-1yd.es\/"},{"@type":"ListItem","position":2,"name":"F\u00e9lix Paredes Consuegra"}]},{"@type":"WebSite","@id":"https:\/\/xn--memoriademocraticadepearroyapueblonuevo-1yd.es\/#website","url":"https:\/\/xn--memoriademocraticadepearroyapueblonuevo-1yd.es\/","name":"Memoria democr&aacute;tica del Guadiato","description":"Memoria democr&aacute;tica del Guadiato","potentialAction":[{"@type":"SearchAction","target":{"@type":"EntryPoint","urlTemplate":"https:\/\/xn--memoriademocraticadepearroyapueblonuevo-1yd.es\/?s={search_term_string}"},"query-input":{"@type":"PropertyValueSpecification","valueRequired":true,"valueName":"search_term_string"}}],"inLanguage":"es"},{"@type":"Person","@id":"https:\/\/xn--memoriademocraticadepearroyapueblonuevo-1yd.es\/#\/schema\/person\/6b3171435f012d1dd11f8802ca2efb59","name":"admin","image":{"@type":"ImageObject","inLanguage":"es","@id":"https:\/\/secure.gravatar.com\/avatar\/40bff365fb13a637105976d970b2ec28d48204cfb513ca76a4ff31d222d10962?s=96&d=mm&r=g","url":"https:\/\/secure.gravatar.com\/avatar\/40bff365fb13a637105976d970b2ec28d48204cfb513ca76a4ff31d222d10962?s=96&d=mm&r=g","contentUrl":"https:\/\/secure.gravatar.com\/avatar\/40bff365fb13a637105976d970b2ec28d48204cfb513ca76a4ff31d222d10962?s=96&d=mm&r=g","caption":"admin"},"sameAs":["https:\/\/xn--memoriademocraticadepearroyapueblonuevo-1yd.es"],"url":"https:\/\/xn--memoriademocraticadepearroyapueblonuevo-1yd.es\/index.php\/author\/admin\/"}]}},"_links":{"self":[{"href":"https:\/\/xn--memoriademocraticadepearroyapueblonuevo-1yd.es\/index.php\/wp-json\/wp\/v2\/posts\/1279","targetHints":{"allow":["GET"]}}],"collection":[{"href":"https:\/\/xn--memoriademocraticadepearroyapueblonuevo-1yd.es\/index.php\/wp-json\/wp\/v2\/posts"}],"about":[{"href":"https:\/\/xn--memoriademocraticadepearroyapueblonuevo-1yd.es\/index.php\/wp-json\/wp\/v2\/types\/post"}],"author":[{"embeddable":true,"href":"https:\/\/xn--memoriademocraticadepearroyapueblonuevo-1yd.es\/index.php\/wp-json\/wp\/v2\/users\/1"}],"replies":[{"embeddable":true,"href":"https:\/\/xn--memoriademocraticadepearroyapueblonuevo-1yd.es\/index.php\/wp-json\/wp\/v2\/comments?post=1279"}],"version-history":[{"count":4,"href":"https:\/\/xn--memoriademocraticadepearroyapueblonuevo-1yd.es\/index.php\/wp-json\/wp\/v2\/posts\/1279\/revisions"}],"predecessor-version":[{"id":1591,"href":"https:\/\/xn--memoriademocraticadepearroyapueblonuevo-1yd.es\/index.php\/wp-json\/wp\/v2\/posts\/1279\/revisions\/1591"}],"wp:featuredmedia":[{"embeddable":true,"href":"https:\/\/xn--memoriademocraticadepearroyapueblonuevo-1yd.es\/index.php\/wp-json\/wp\/v2\/media\/1512"}],"wp:attachment":[{"href":"https:\/\/xn--memoriademocraticadepearroyapueblonuevo-1yd.es\/index.php\/wp-json\/wp\/v2\/media?parent=1279"}],"wp:term":[{"taxonomy":"category","embeddable":true,"href":"https:\/\/xn--memoriademocraticadepearroyapueblonuevo-1yd.es\/index.php\/wp-json\/wp\/v2\/categories?post=1279"},{"taxonomy":"post_tag","embeddable":true,"href":"https:\/\/xn--memoriademocraticadepearroyapueblonuevo-1yd.es\/index.php\/wp-json\/wp\/v2\/tags?post=1279"}],"curies":[{"name":"wp","href":"https:\/\/api.w.org\/{rel}","templated":true}]}}