{"id":1269,"date":"2022-02-21T08:59:27","date_gmt":"2022-02-21T08:59:27","guid":{"rendered":"https:\/\/xn--memoriademocraticadepearroyapueblonuevo-1yd.es\/?p=1269"},"modified":"2022-05-09T08:24:32","modified_gmt":"2022-05-09T08:24:32","slug":"andre-basile-vovk-khmelevsky","status":"publish","type":"post","link":"https:\/\/xn--memoriademocraticadepearroyapueblonuevo-1yd.es\/index.php\/2022\/02\/21\/andre-basile-vovk-khmelevsky\/","title":{"rendered":"Andr\u00e9 Basile Vovk Khmelevsky"},"content":{"rendered":"<p><strong><img loading=\"lazy\" decoding=\"async\" class=\"size-medium wp-image-1523 alignleft\" src=\"https:\/\/xn--memoriademocraticadepearroyapueblonuevo-1yd.es\/wp-content\/uploads\/2022\/02\/Captura-de-pantalla-2022-03-21-a-las-10.58.00-300x204.png\" alt=\"\" width=\"300\" height=\"204\" srcset=\"https:\/\/xn--memoriademocraticadepearroyapueblonuevo-1yd.es\/wp-content\/uploads\/2022\/02\/Captura-de-pantalla-2022-03-21-a-las-10.58.00-300x204.png 300w, https:\/\/xn--memoriademocraticadepearroyapueblonuevo-1yd.es\/wp-content\/uploads\/2022\/02\/Captura-de-pantalla-2022-03-21-a-las-10.58.00-1024x697.png 1024w, https:\/\/xn--memoriademocraticadepearroyapueblonuevo-1yd.es\/wp-content\/uploads\/2022\/02\/Captura-de-pantalla-2022-03-21-a-las-10.58.00-768x523.png 768w, https:\/\/xn--memoriademocraticadepearroyapueblonuevo-1yd.es\/wp-content\/uploads\/2022\/02\/Captura-de-pantalla-2022-03-21-a-las-10.58.00-370x252.png 370w, https:\/\/xn--memoriademocraticadepearroyapueblonuevo-1yd.es\/wp-content\/uploads\/2022\/02\/Captura-de-pantalla-2022-03-21-a-las-10.58.00-760x518.png 760w, https:\/\/xn--memoriademocraticadepearroyapueblonuevo-1yd.es\/wp-content\/uploads\/2022\/02\/Captura-de-pantalla-2022-03-21-a-las-10.58.00.png 1129w\" sizes=\"auto, (max-width: 300px) 100vw, 300px\" \/><\/strong><\/p>\n<p><strong>Andr\u00e9 Basile Vovk Khmelevsky<\/strong><\/p>\n<p><strong>Lugar y fecha de nacimiento:<\/strong> en Puertollano (Ciudad Real), 04\/05\/1922. En 1936\u00a0viv\u00eda en Pe\u00f1arroya.<\/p>\n<p><strong>Familia:<\/strong> padres &#8211; Wasilij Vovk, ingeniero de minas, y Antonina Khmelevsky. Ambos<br \/>eran rusos. La direcci\u00f3n que ten\u00edan sus padres tras la guerra era 12 Place Vendeme\u00a0(Paris, Francia).<\/p>\n<p><strong>Profesi\u00f3n:<\/strong> en la ficha del campo aparece como profesi\u00f3n, electricista.<\/p>\n<p><strong>Francia:<\/strong> fue detenido por la SiPo (en la\u00a0Alemania nazi &#8211; agencias de seguridad\u00a0encargadas de las investigaciones por\u00a0cr\u00edmenes y delitos pol\u00edticos) en Paris y\u00a0deportado a Buchenwald.<\/p>\n<p><strong>Buchenwald:<\/strong><br \/>Fecha de llegada: 18\/09\/1943.<br \/>Matr\u00edcula: 21335.<br \/>En los documentos del campo aparece que el 28\/10\/1943 es diagnosticado\u00a0\u201ccoraz\u00f3n d\u00e9bil\u201d y enviado a hacer trabajo en el patio. Estuvo en el bloque 31.<br \/>Estuvo en el Kommando Baulager II bajo el mando del Kapo 2435 Lanvers. Parece\u00a0que estuvo tambi\u00e9n en el subcampo de Mittelbau-Dora (antes de que fuera campo)<br \/>porque hay un documento fechado el 01\/06\/1944 con el nombre de Kommando\u00a0Mittelbau-Dora.<br \/>Fecha y lugar de la liberaci\u00f3n: 11\/04\/1945, Buchenwald.<\/p>\n<p><strong>Otros:<\/strong> Legi\u00f3n de Honor del gobierno franc\u00e9s. M\u00e1s informaci\u00f3n &#8211; Mar\u00eda Paula Due\u00f1as,<br \/>vecina de Pe\u00f1arroya. Su hijo vive en Francia.<\/p>\n<p><strong>Fecha y lugar de la muerte:<\/strong> 02\/09\/2007, en Saint-Geoire-en-Valdaine (Is\u00e8re,<br \/>Francia).<\/p>\n\n\n<p><\/p>\n\n\n\n<p><\/p>\n\n\n\n<p><\/p>\n","protected":false},"excerpt":{"rendered":"<p>Andr\u00e9 Basile Vovk Khmelevsky Lugar y fecha de nacimiento: en Puertollano (Ciudad Real), 04\/05\/1922. En 1936\u00a0viv\u00eda en Pe\u00f1arroya. Familia: padres &#8211; Wasilij Vovk, ingeniero de minas, y Antonina Khmelevsky. Amboseran rusos. La direcci\u00f3n que ten\u00edan sus padres tras la guerra era 12 Place Vendeme\u00a0(Paris, Francia).&hellip;<\/p>\n","protected":false},"author":1,"featured_media":1523,"comment_status":"open","ping_status":"open","sticky":false,"template":"","format":"standard","meta":{"_exactmetrics_skip_tracking":false,"_exactmetrics_sitenote_active":false,"_exactmetrics_sitenote_note":"","_exactmetrics_sitenote_category":0,"footnotes":""},"categories":[9,38],"tags":[46,53],"class_list":["post-1269","post","type-post","status-publish","format-standard","has-post-thumbnail","hentry","category-noticias","category-personajes","tag-noticias","tag-personajes"],"yoast_head":"<!-- This site is optimized with the Yoast SEO plugin v27.2 - https:\/\/yoast.com\/product\/yoast-seo-wordpress\/ -->\n<title>Andr\u00e9 Basile Vovk Khmelevsky<\/title>\n<meta name=\"robots\" content=\"index, follow, max-snippet:-1, max-image-preview:large, max-video-preview:-1\" \/>\n<link rel=\"canonical\" href=\"https:\/\/xn--memoriademocraticadepearroyapueblonuevo-1yd.es\/index.php\/2022\/02\/21\/andre-basile-vovk-khmelevsky\/\" \/>\n<meta property=\"og:locale\" content=\"es_ES\" \/>\n<meta property=\"og:type\" content=\"article\" \/>\n<meta property=\"og:title\" content=\"Andr\u00e9 Basile Vovk Khmelevsky\" \/>\n<meta property=\"og:description\" content=\"Andr\u00e9 Basile Vovk Khmelevsky Lugar y fecha de nacimiento: en Puertollano (Ciudad Real), 04\/05\/1922. En 1936\u00a0viv\u00eda en Pe\u00f1arroya. Familia: padres &#8211; Wasilij Vovk, ingeniero de minas, y Antonina Khmelevsky. Amboseran rusos. La direcci\u00f3n que ten\u00edan sus padres tras la guerra era 12 Place Vendeme\u00a0(Paris, Francia).&hellip;\" \/>\n<meta property=\"og:url\" content=\"https:\/\/xn--memoriademocraticadepearroyapueblonuevo-1yd.es\/index.php\/2022\/02\/21\/andre-basile-vovk-khmelevsky\/\" \/>\n<meta property=\"og:site_name\" content=\"Memoria democr&aacute;tica del Guadiato\" \/>\n<meta property=\"article:published_time\" content=\"2022-02-21T08:59:27+00:00\" \/>\n<meta property=\"article:modified_time\" content=\"2022-05-09T08:24:32+00:00\" \/>\n<meta property=\"og:image\" content=\"https:\/\/xn--memoriademocraticadepearroyapueblonuevo-1yd.es\/wp-content\/uploads\/2022\/02\/Captura-de-pantalla-2022-03-21-a-las-10.58.00.png\" \/>\n\t<meta property=\"og:image:width\" content=\"1129\" \/>\n\t<meta property=\"og:image:height\" content=\"769\" \/>\n\t<meta property=\"og:image:type\" content=\"image\/png\" \/>\n<meta name=\"author\" content=\"admin\" \/>\n<meta name=\"twitter:card\" content=\"summary_large_image\" \/>\n<meta name=\"twitter:label1\" content=\"Escrito por\" \/>\n\t<meta name=\"twitter:data1\" content=\"admin\" \/>\n\t<meta name=\"twitter:label2\" content=\"Tiempo de lectura\" \/>\n\t<meta name=\"twitter:data2\" content=\"2 minutos\" \/>\n<script type=\"application\/ld+json\" class=\"yoast-schema-graph\">{\"@context\":\"https:\/\/schema.org\",\"@graph\":[{\"@type\":\"Article\",\"@id\":\"https:\/\/xn--memoriademocraticadepearroyapueblonuevo-1yd.es\/index.php\/2022\/02\/21\/andre-basile-vovk-khmelevsky\/#article\",\"isPartOf\":{\"@id\":\"https:\/\/xn--memoriademocraticadepearroyapueblonuevo-1yd.es\/index.php\/2022\/02\/21\/andre-basile-vovk-khmelevsky\/\"},\"author\":{\"name\":\"admin\",\"@id\":\"https:\/\/xn--memoriademocraticadepearroyapueblonuevo-1yd.es\/#\/schema\/person\/6b3171435f012d1dd11f8802ca2efb59\"},\"headline\":\"Andr\u00e9 Basile Vovk Khmelevsky\",\"datePublished\":\"2022-02-21T08:59:27+00:00\",\"dateModified\":\"2022-05-09T08:24:32+00:00\",\"mainEntityOfPage\":{\"@id\":\"https:\/\/xn--memoriademocraticadepearroyapueblonuevo-1yd.es\/index.php\/2022\/02\/21\/andre-basile-vovk-khmelevsky\/\"},\"wordCount\":213,\"commentCount\":0,\"image\":{\"@id\":\"https:\/\/xn--memoriademocraticadepearroyapueblonuevo-1yd.es\/index.php\/2022\/02\/21\/andre-basile-vovk-khmelevsky\/#primaryimage\"},\"thumbnailUrl\":\"https:\/\/xn--memoriademocraticadepearroyapueblonuevo-1yd.es\/wp-content\/uploads\/2022\/02\/Captura-de-pantalla-2022-03-21-a-las-10.58.00.png\",\"keywords\":[\"Noticias\",\"Personajes\"],\"articleSection\":[\"Noticias\",\"Personajes\"],\"inLanguage\":\"es\",\"potentialAction\":[{\"@type\":\"CommentAction\",\"name\":\"Comment\",\"target\":[\"https:\/\/xn--memoriademocraticadepearroyapueblonuevo-1yd.es\/index.php\/2022\/02\/21\/andre-basile-vovk-khmelevsky\/#respond\"]}]},{\"@type\":\"WebPage\",\"@id\":\"https:\/\/xn--memoriademocraticadepearroyapueblonuevo-1yd.es\/index.php\/2022\/02\/21\/andre-basile-vovk-khmelevsky\/\",\"url\":\"https:\/\/xn--memoriademocraticadepearroyapueblonuevo-1yd.es\/index.php\/2022\/02\/21\/andre-basile-vovk-khmelevsky\/\",\"name\":\"Andr\u00e9 Basile Vovk Khmelevsky\",\"isPartOf\":{\"@id\":\"https:\/\/xn--memoriademocraticadepearroyapueblonuevo-1yd.es\/#website\"},\"primaryImageOfPage\":{\"@id\":\"https:\/\/xn--memoriademocraticadepearroyapueblonuevo-1yd.es\/index.php\/2022\/02\/21\/andre-basile-vovk-khmelevsky\/#primaryimage\"},\"image\":{\"@id\":\"https:\/\/xn--memoriademocraticadepearroyapueblonuevo-1yd.es\/index.php\/2022\/02\/21\/andre-basile-vovk-khmelevsky\/#primaryimage\"},\"thumbnailUrl\":\"https:\/\/xn--memoriademocraticadepearroyapueblonuevo-1yd.es\/wp-content\/uploads\/2022\/02\/Captura-de-pantalla-2022-03-21-a-las-10.58.00.png\",\"datePublished\":\"2022-02-21T08:59:27+00:00\",\"dateModified\":\"2022-05-09T08:24:32+00:00\",\"author\":{\"@id\":\"https:\/\/xn--memoriademocraticadepearroyapueblonuevo-1yd.es\/#\/schema\/person\/6b3171435f012d1dd11f8802ca2efb59\"},\"breadcrumb\":{\"@id\":\"https:\/\/xn--memoriademocraticadepearroyapueblonuevo-1yd.es\/index.php\/2022\/02\/21\/andre-basile-vovk-khmelevsky\/#breadcrumb\"},\"inLanguage\":\"es\",\"potentialAction\":[{\"@type\":\"ReadAction\",\"target\":[\"https:\/\/xn--memoriademocraticadepearroyapueblonuevo-1yd.es\/index.php\/2022\/02\/21\/andre-basile-vovk-khmelevsky\/\"]}]},{\"@type\":\"ImageObject\",\"inLanguage\":\"es\",\"@id\":\"https:\/\/xn--memoriademocraticadepearroyapueblonuevo-1yd.es\/index.php\/2022\/02\/21\/andre-basile-vovk-khmelevsky\/#primaryimage\",\"url\":\"https:\/\/xn--memoriademocraticadepearroyapueblonuevo-1yd.es\/wp-content\/uploads\/2022\/02\/Captura-de-pantalla-2022-03-21-a-las-10.58.00.png\",\"contentUrl\":\"https:\/\/xn--memoriademocraticadepearroyapueblonuevo-1yd.es\/wp-content\/uploads\/2022\/02\/Captura-de-pantalla-2022-03-21-a-las-10.58.00.png\",\"width\":1129,\"height\":769},{\"@type\":\"BreadcrumbList\",\"@id\":\"https:\/\/xn--memoriademocraticadepearroyapueblonuevo-1yd.es\/index.php\/2022\/02\/21\/andre-basile-vovk-khmelevsky\/#breadcrumb\",\"itemListElement\":[{\"@type\":\"ListItem\",\"position\":1,\"name\":\"Portada\",\"item\":\"https:\/\/xn--memoriademocraticadepearroyapueblonuevo-1yd.es\/\"},{\"@type\":\"ListItem\",\"position\":2,\"name\":\"Andr\u00e9 Basile Vovk Khmelevsky\"}]},{\"@type\":\"WebSite\",\"@id\":\"https:\/\/xn--memoriademocraticadepearroyapueblonuevo-1yd.es\/#website\",\"url\":\"https:\/\/xn--memoriademocraticadepearroyapueblonuevo-1yd.es\/\",\"name\":\"Memoria democr&aacute;tica del Guadiato\",\"description\":\"Memoria democr&aacute;tica del Guadiato\",\"potentialAction\":[{\"@type\":\"SearchAction\",\"target\":{\"@type\":\"EntryPoint\",\"urlTemplate\":\"https:\/\/xn--memoriademocraticadepearroyapueblonuevo-1yd.es\/?s={search_term_string}\"},\"query-input\":{\"@type\":\"PropertyValueSpecification\",\"valueRequired\":true,\"valueName\":\"search_term_string\"}}],\"inLanguage\":\"es\"},{\"@type\":\"Person\",\"@id\":\"https:\/\/xn--memoriademocraticadepearroyapueblonuevo-1yd.es\/#\/schema\/person\/6b3171435f012d1dd11f8802ca2efb59\",\"name\":\"admin\",\"image\":{\"@type\":\"ImageObject\",\"inLanguage\":\"es\",\"@id\":\"https:\/\/secure.gravatar.com\/avatar\/40bff365fb13a637105976d970b2ec28d48204cfb513ca76a4ff31d222d10962?s=96&d=mm&r=g\",\"url\":\"https:\/\/secure.gravatar.com\/avatar\/40bff365fb13a637105976d970b2ec28d48204cfb513ca76a4ff31d222d10962?s=96&d=mm&r=g\",\"contentUrl\":\"https:\/\/secure.gravatar.com\/avatar\/40bff365fb13a637105976d970b2ec28d48204cfb513ca76a4ff31d222d10962?s=96&d=mm&r=g\",\"caption\":\"admin\"},\"sameAs\":[\"https:\/\/xn--memoriademocraticadepearroyapueblonuevo-1yd.es\"],\"url\":\"https:\/\/xn--memoriademocraticadepearroyapueblonuevo-1yd.es\/index.php\/author\/admin\/\"}]}<\/script>\n<!-- \/ Yoast SEO plugin. -->","yoast_head_json":{"title":"Andr\u00e9 Basile Vovk Khmelevsky","robots":{"index":"index","follow":"follow","max-snippet":"max-snippet:-1","max-image-preview":"max-image-preview:large","max-video-preview":"max-video-preview:-1"},"canonical":"https:\/\/xn--memoriademocraticadepearroyapueblonuevo-1yd.es\/index.php\/2022\/02\/21\/andre-basile-vovk-khmelevsky\/","og_locale":"es_ES","og_type":"article","og_title":"Andr\u00e9 Basile Vovk Khmelevsky","og_description":"Andr\u00e9 Basile Vovk Khmelevsky Lugar y fecha de nacimiento: en Puertollano (Ciudad Real), 04\/05\/1922. En 1936\u00a0viv\u00eda en Pe\u00f1arroya. Familia: padres &#8211; Wasilij Vovk, ingeniero de minas, y Antonina Khmelevsky. Amboseran rusos. La direcci\u00f3n que ten\u00edan sus padres tras la guerra era 12 Place Vendeme\u00a0(Paris, Francia).&hellip;","og_url":"https:\/\/xn--memoriademocraticadepearroyapueblonuevo-1yd.es\/index.php\/2022\/02\/21\/andre-basile-vovk-khmelevsky\/","og_site_name":"Memoria democr&aacute;tica del Guadiato","article_published_time":"2022-02-21T08:59:27+00:00","article_modified_time":"2022-05-09T08:24:32+00:00","og_image":[{"width":1129,"height":769,"url":"https:\/\/xn--memoriademocraticadepearroyapueblonuevo-1yd.es\/wp-content\/uploads\/2022\/02\/Captura-de-pantalla-2022-03-21-a-las-10.58.00.png","type":"image\/png"}],"author":"admin","twitter_card":"summary_large_image","twitter_misc":{"Escrito por":"admin","Tiempo de lectura":"2 minutos"},"schema":{"@context":"https:\/\/schema.org","@graph":[{"@type":"Article","@id":"https:\/\/xn--memoriademocraticadepearroyapueblonuevo-1yd.es\/index.php\/2022\/02\/21\/andre-basile-vovk-khmelevsky\/#article","isPartOf":{"@id":"https:\/\/xn--memoriademocraticadepearroyapueblonuevo-1yd.es\/index.php\/2022\/02\/21\/andre-basile-vovk-khmelevsky\/"},"author":{"name":"admin","@id":"https:\/\/xn--memoriademocraticadepearroyapueblonuevo-1yd.es\/#\/schema\/person\/6b3171435f012d1dd11f8802ca2efb59"},"headline":"Andr\u00e9 Basile Vovk Khmelevsky","datePublished":"2022-02-21T08:59:27+00:00","dateModified":"2022-05-09T08:24:32+00:00","mainEntityOfPage":{"@id":"https:\/\/xn--memoriademocraticadepearroyapueblonuevo-1yd.es\/index.php\/2022\/02\/21\/andre-basile-vovk-khmelevsky\/"},"wordCount":213,"commentCount":0,"image":{"@id":"https:\/\/xn--memoriademocraticadepearroyapueblonuevo-1yd.es\/index.php\/2022\/02\/21\/andre-basile-vovk-khmelevsky\/#primaryimage"},"thumbnailUrl":"https:\/\/xn--memoriademocraticadepearroyapueblonuevo-1yd.es\/wp-content\/uploads\/2022\/02\/Captura-de-pantalla-2022-03-21-a-las-10.58.00.png","keywords":["Noticias","Personajes"],"articleSection":["Noticias","Personajes"],"inLanguage":"es","potentialAction":[{"@type":"CommentAction","name":"Comment","target":["https:\/\/xn--memoriademocraticadepearroyapueblonuevo-1yd.es\/index.php\/2022\/02\/21\/andre-basile-vovk-khmelevsky\/#respond"]}]},{"@type":"WebPage","@id":"https:\/\/xn--memoriademocraticadepearroyapueblonuevo-1yd.es\/index.php\/2022\/02\/21\/andre-basile-vovk-khmelevsky\/","url":"https:\/\/xn--memoriademocraticadepearroyapueblonuevo-1yd.es\/index.php\/2022\/02\/21\/andre-basile-vovk-khmelevsky\/","name":"Andr\u00e9 Basile Vovk Khmelevsky","isPartOf":{"@id":"https:\/\/xn--memoriademocraticadepearroyapueblonuevo-1yd.es\/#website"},"primaryImageOfPage":{"@id":"https:\/\/xn--memoriademocraticadepearroyapueblonuevo-1yd.es\/index.php\/2022\/02\/21\/andre-basile-vovk-khmelevsky\/#primaryimage"},"image":{"@id":"https:\/\/xn--memoriademocraticadepearroyapueblonuevo-1yd.es\/index.php\/2022\/02\/21\/andre-basile-vovk-khmelevsky\/#primaryimage"},"thumbnailUrl":"https:\/\/xn--memoriademocraticadepearroyapueblonuevo-1yd.es\/wp-content\/uploads\/2022\/02\/Captura-de-pantalla-2022-03-21-a-las-10.58.00.png","datePublished":"2022-02-21T08:59:27+00:00","dateModified":"2022-05-09T08:24:32+00:00","author":{"@id":"https:\/\/xn--memoriademocraticadepearroyapueblonuevo-1yd.es\/#\/schema\/person\/6b3171435f012d1dd11f8802ca2efb59"},"breadcrumb":{"@id":"https:\/\/xn--memoriademocraticadepearroyapueblonuevo-1yd.es\/index.php\/2022\/02\/21\/andre-basile-vovk-khmelevsky\/#breadcrumb"},"inLanguage":"es","potentialAction":[{"@type":"ReadAction","target":["https:\/\/xn--memoriademocraticadepearroyapueblonuevo-1yd.es\/index.php\/2022\/02\/21\/andre-basile-vovk-khmelevsky\/"]}]},{"@type":"ImageObject","inLanguage":"es","@id":"https:\/\/xn--memoriademocraticadepearroyapueblonuevo-1yd.es\/index.php\/2022\/02\/21\/andre-basile-vovk-khmelevsky\/#primaryimage","url":"https:\/\/xn--memoriademocraticadepearroyapueblonuevo-1yd.es\/wp-content\/uploads\/2022\/02\/Captura-de-pantalla-2022-03-21-a-las-10.58.00.png","contentUrl":"https:\/\/xn--memoriademocraticadepearroyapueblonuevo-1yd.es\/wp-content\/uploads\/2022\/02\/Captura-de-pantalla-2022-03-21-a-las-10.58.00.png","width":1129,"height":769},{"@type":"BreadcrumbList","@id":"https:\/\/xn--memoriademocraticadepearroyapueblonuevo-1yd.es\/index.php\/2022\/02\/21\/andre-basile-vovk-khmelevsky\/#breadcrumb","itemListElement":[{"@type":"ListItem","position":1,"name":"Portada","item":"https:\/\/xn--memoriademocraticadepearroyapueblonuevo-1yd.es\/"},{"@type":"ListItem","position":2,"name":"Andr\u00e9 Basile Vovk Khmelevsky"}]},{"@type":"WebSite","@id":"https:\/\/xn--memoriademocraticadepearroyapueblonuevo-1yd.es\/#website","url":"https:\/\/xn--memoriademocraticadepearroyapueblonuevo-1yd.es\/","name":"Memoria democr&aacute;tica del Guadiato","description":"Memoria democr&aacute;tica del Guadiato","potentialAction":[{"@type":"SearchAction","target":{"@type":"EntryPoint","urlTemplate":"https:\/\/xn--memoriademocraticadepearroyapueblonuevo-1yd.es\/?s={search_term_string}"},"query-input":{"@type":"PropertyValueSpecification","valueRequired":true,"valueName":"search_term_string"}}],"inLanguage":"es"},{"@type":"Person","@id":"https:\/\/xn--memoriademocraticadepearroyapueblonuevo-1yd.es\/#\/schema\/person\/6b3171435f012d1dd11f8802ca2efb59","name":"admin","image":{"@type":"ImageObject","inLanguage":"es","@id":"https:\/\/secure.gravatar.com\/avatar\/40bff365fb13a637105976d970b2ec28d48204cfb513ca76a4ff31d222d10962?s=96&d=mm&r=g","url":"https:\/\/secure.gravatar.com\/avatar\/40bff365fb13a637105976d970b2ec28d48204cfb513ca76a4ff31d222d10962?s=96&d=mm&r=g","contentUrl":"https:\/\/secure.gravatar.com\/avatar\/40bff365fb13a637105976d970b2ec28d48204cfb513ca76a4ff31d222d10962?s=96&d=mm&r=g","caption":"admin"},"sameAs":["https:\/\/xn--memoriademocraticadepearroyapueblonuevo-1yd.es"],"url":"https:\/\/xn--memoriademocraticadepearroyapueblonuevo-1yd.es\/index.php\/author\/admin\/"}]}},"_links":{"self":[{"href":"https:\/\/xn--memoriademocraticadepearroyapueblonuevo-1yd.es\/index.php\/wp-json\/wp\/v2\/posts\/1269","targetHints":{"allow":["GET"]}}],"collection":[{"href":"https:\/\/xn--memoriademocraticadepearroyapueblonuevo-1yd.es\/index.php\/wp-json\/wp\/v2\/posts"}],"about":[{"href":"https:\/\/xn--memoriademocraticadepearroyapueblonuevo-1yd.es\/index.php\/wp-json\/wp\/v2\/types\/post"}],"author":[{"embeddable":true,"href":"https:\/\/xn--memoriademocraticadepearroyapueblonuevo-1yd.es\/index.php\/wp-json\/wp\/v2\/users\/1"}],"replies":[{"embeddable":true,"href":"https:\/\/xn--memoriademocraticadepearroyapueblonuevo-1yd.es\/index.php\/wp-json\/wp\/v2\/comments?post=1269"}],"version-history":[{"count":3,"href":"https:\/\/xn--memoriademocraticadepearroyapueblonuevo-1yd.es\/index.php\/wp-json\/wp\/v2\/posts\/1269\/revisions"}],"predecessor-version":[{"id":1588,"href":"https:\/\/xn--memoriademocraticadepearroyapueblonuevo-1yd.es\/index.php\/wp-json\/wp\/v2\/posts\/1269\/revisions\/1588"}],"wp:featuredmedia":[{"embeddable":true,"href":"https:\/\/xn--memoriademocraticadepearroyapueblonuevo-1yd.es\/index.php\/wp-json\/wp\/v2\/media\/1523"}],"wp:attachment":[{"href":"https:\/\/xn--memoriademocraticadepearroyapueblonuevo-1yd.es\/index.php\/wp-json\/wp\/v2\/media?parent=1269"}],"wp:term":[{"taxonomy":"category","embeddable":true,"href":"https:\/\/xn--memoriademocraticadepearroyapueblonuevo-1yd.es\/index.php\/wp-json\/wp\/v2\/categories?post=1269"},{"taxonomy":"post_tag","embeddable":true,"href":"https:\/\/xn--memoriademocraticadepearroyapueblonuevo-1yd.es\/index.php\/wp-json\/wp\/v2\/tags?post=1269"}],"curies":[{"name":"wp","href":"https:\/\/api.w.org\/{rel}","templated":true}]}}