{"id":1220,"date":"2022-02-16T10:21:17","date_gmt":"2022-02-16T10:21:17","guid":{"rendered":"https:\/\/xn--memoriademocraticadepearroyapueblonuevo-1yd.es\/?p=1220"},"modified":"2022-05-09T08:25:29","modified_gmt":"2022-05-09T08:25:29","slug":"penarriblenses-en-el-valle-de-los-caidos","status":"publish","type":"post","link":"https:\/\/xn--memoriademocraticadepearroyapueblonuevo-1yd.es\/index.php\/2022\/02\/16\/penarriblenses-en-el-valle-de-los-caidos\/","title":{"rendered":"Pe\u00f1arriblenses en el Valle de los Ca\u00eddos"},"content":{"rendered":"\n<p>Aquel invierno de 1959 hab\u00eda sido lo suficientemente lluvioso como para que los pe\u00f1arriblenses pudiesen hablar de \u201ctemporales de lluvia\u201d, fen\u00f3menos meteorol\u00f3gicos que, indirectamente, se cobraron la vida de Gregorio Gilgado C\u00e1ceres y ocasionaron contusiones a su hija Clemencia cuando en la madrugada del mi\u00e9rcoles 11 de marzo se produjo el derrumbamiento de la casa con el n\u00famero 19 de la calle M\u00e1laga, en el distrito de Pe\u00f1arroya. Media docena de vecinos, entre ellos un guardia civil, que acudieron a los gritos de \u00a1socorro! de las supervivientes formaron el improvisado equipo de rescate que apart\u00f3 con las manos y otros medios de fortuna los escombros y menos de una hora despu\u00e9s pudo extraer el cad\u00e1ver, que no fue levantado por el juzgado de instrucci\u00f3n hasta las 10 de la ma\u00f1ana, esto es cinco horas despu\u00e9s del suceso, y tras haberse personado en el lugar el alcalde, Alfredo Gil, y Tom\u00e1s Moya, teniente de alcalde de este distrito, al tener conocimiento del accidente.<\/p>\n\n\n\n<p>En esta misma jornada se celebraba una solemne ceremonia en el cementerio de San Jorge, con la presencia del Alcalde, del p\u00e1rroco-arcipreste de la parroquia de Santa B\u00e1rbara, Jos\u00e9 Ca\u00f1ones; del juez municipal, Francisco Javier Sara y del delegado local de sanidad, y m\u00e9dico, Rafael Marcos, en la que se procedi\u00f3 a cumplir la anterior petici\u00f3n expl\u00edcita de sus familiares y llevar a efecto a la exhumaci\u00f3n de los restos de tres de los ca\u00eddos pe\u00f1arriblenses \u201cen nuestra Guerra de Liberaci\u00f3n\u201d: el sargento Juan de Dios Garc\u00eda M\u00e1rquez; el alf\u00e9rez Enrique Isidro Romero y el civil Pedro Jim\u00e9nez Su\u00e1rez, para proceder a su posterior enterramiento en el Monumento Nacional de la Santa Cruz del Valle de los Ca\u00eddos, en el lugar denominado Cuelgamuros -en las estribaciones de la Sierra de Guadarrama, dentro del t\u00e9rmino municipal madrile\u00f1o de El Escorial.<\/p>\n\n\n\n<p>Ayuntamiento pe\u00f1arriblense, como todos los de la provincia, hab\u00eda recibido por<br>intermedio del gobernador civil de C\u00f3rdoba, sendas circulares de 31 de octubre de 1958<br>y de 26 de febrero de 1959 el acuerdo del consejo de ministros \u00absobre la ejecuci\u00f3n y efectividad del traslado de los H\u00e9roes y M\u00e1rtires de la Cruzada al Valle de los Ca\u00eddos\u00bb y \u00absiempre en relaci\u00f3n a los inmolados o Ca\u00eddos durante la guerra de Liberaci\u00f3n\u00bb, circulares en las se especificaba la necesidad del consentimiento expreso de los familiares de las v\u00edctimas identificadas y el control de la operaci\u00f3n de traslado mediante ficheros y libros de registro y otros como el tama\u00f1o de las cajas o la realizaci\u00f3n de un mapa por cada provincia detallando todas las poblaciones con enterramientos y fosas, especificando el n\u00famero de estas. Adem\u00e1s se abr\u00eda la posibilidad de trasladar tambi\u00e9n los restos de los vencidos, civiles y militares que segu\u00edan siendo denominados por las autoridades franquistas como \u201crojos\u201d, atendiendo al intento propagand\u00edstico del r\u00e9gimen de transmitir una falsa imagen de reconciliaci\u00f3n simbolizada en \u00abla robusta horizontalidad de los brazos de la cruz monumental que ampara por igual a todos los espa\u00f1oles\u00bb y atraerse de esta manera las simpat\u00edas de las democracias occidentales en el periodo de la Guerra Fr\u00eda contra la Uni\u00f3n Sovi\u00e9tica y los dem\u00e1s integrantes comunistas del Pacto de Varsovia.<\/p>\n\n\n\n<p>Atendiendo a las \u00f3rdenes del ministro de la Gobernaci\u00f3n, Camilo Alonso Vega, la guardia civil realiz\u00f3 un listado de muertos y asesinados en todas las localidades del pa\u00eds, as\u00ed como un \u00abinforme referente de los deseos de los familiares\u00bb acerca de los posibles traslados, cosa que escrupulosamente se sigui\u00f3 con los restos de los vencedores, pero se obvi\u00f3 para los de los vencidos, cuyos familiares en bastantes casos ni siquiera fueron informados de las exhumaciones y posteriores traslados.<\/p>\n\n\n\n<p>Las autoridades locales del Movimiento, como se conoc\u00eda al partido \u00fanico de la \u00e9poca, presionaron a los<br>familiares de las v\u00edctimas de los \u00abvilmente asesinados por la horda roja\u00bb, de 28 nombres registrados en la l\u00e1pida que, desde los muros de la parroquia de Santa B\u00e1rbara, eran homenajeados junto a los grandes m\u00e1rtires estatales cada 20 de noviembre, fecha conocida en los centros escolares como \u00abel D\u00eda del<br>Dolor\u00bb para que permitiesen el traslado de los muertos a Cuelgamuros. Las 18 v\u00edctimas del distrito de Pe\u00f1arroya, ten\u00edan su pante\u00f3n en el cementerio de Na Sa del Rosario, aunque sus restos estuvieran dispersos en nichos individuales o en el pante\u00f3n familiar existente. Los que yac\u00edan en los nichos del cementerio de San Jorge prefirieron, como sus convecinos el poder seguir teni\u00e9ndoles cerca para mantener m\u00e1s vivo su recuerdo. Y parece ser que lo hicieron muy bien, a la vista de la desastrosa forma en la que hemos conocido c\u00f3mo se han conservado los restos de las 33815 personas all\u00ed enterradas -13481 sin identificar-, pues seg\u00fan la cadena SER \u00abA trav\u00e9s del agujero del tercer nivel [donde hay, seg\u00fan los registros del Valle, 2617 cajas y 5074 restos \u00f3seos] en la Capilla del Sant\u00edsimo se observa la rotura de los columbarios, dispersi\u00f3n masiva de los restos \u00f3seos y mezcla de los mismos\u00bb Se echa en falta una falta de sistematizaci\u00f3n en los traslados y la inexistencia de un registro de entrada que pudiera ayudar en las casi imposibles labores de identificaci\u00f3n.<\/p>\n\n\n\n<p>Como an\u00e9cdota, El\u00edas D\u00edaz, el que fuera conocido enterrador y la persona que m\u00e1s sab\u00eda sobre los muertos locales, afirmaba haber gestionado el traslado de los restos de su padre, asesinado en 1936 a Cuelgamuros, pero su nombre, David D\u00edaz, no aparece en los registros y su sobrino David S\u00e1nchez no pudo encontrarlo tras a\u00f1os de investigaci\u00f3n, lo que convierte a este maestro anarquista que ense\u00f1\u00f3 y form\u00f3 familia en Pe\u00f1arroya-Pueblonuevo en los a\u00f1os veinte, en uno m\u00e1s de los desaparecidos tras la guerra civil.<\/p>\n\n\n\n<p>Al d\u00eda siguiente, las tres cajas de 60x30x30 cent\u00edmetros que conten\u00edan los restos individuales de los tres pe\u00f1arriblenses -las medidas de las de los restos colectivos sin identificar, eran del doble- salieron hacia Alcaracejos, que fue el lugar designado por las autoridades provinciales para la concentraci\u00f3n de todos los dem\u00e1s restos enviados por los pueblos de zona norte de C\u00f3rdoba, la denominada comarca de la Sierra, aunque a esa cita Traslados de restos en la cripta del Valle de los Ca\u00eddos s\u00f3lo concurrir\u00edan adem\u00e1s los de Belmez y Espiel, con una y cuatro cajas respectivamente, para desde all\u00ed continuar su peregrinaje hasta el Valle de los Ca\u00eddos. Nadie podr\u00eda imaginar que durante casi medio siglo compartir\u00edan mausoleo con el dictador Francisco Franco, \u201cdesahuciado\u201d tras la sentencia del tribunal Supremo que refrendaba una de las disposiciones iniciales del primer gobierno socialista de Pedro S\u00e1nchez, el 24 de este mes de septiembre inmersos, por tercera vez en este a\u00f1o 2019, en plena precampa\u00f1a electoral.<\/p>\n\n\n\n<p>Mientras la vida prosegu\u00eda en la capital del Guadiato: los pe\u00f1arriblenses segu\u00edan preocupados por la escasez de tabaco en los estancos, aunque en los puestecillos, esos tan m\u00ednimos y fr\u00e1giles que levantaban una mayor\u00eda de mujeres enlutadas en lugares convenidos, no faltaba, tal vez por su procedencia de contrabando. Se hace un censo de analfabetos para establecer las clases de adultos, no hay que olvidar que Alfredo Gil es el primer alcalde maestro entre los habidos en la corta historia de la Ciudad. Desde el ayuntamiento se segu\u00eda ponderando las ventajas que pronto disfrutar\u00edan los vecinos tras la municipalizaci\u00f3n de los Servicios de Aguas Potables, adquirido por un precio simb\u00f3lico a la Sociedad de Pe\u00f1arroya y del Suministro del pescado que permite afirmar al Rafael del Pino, Teniente de Alcalde que gracias a los Puestos Reguladores \u00abcomemos el pescado m\u00e1s barato que nadie\u00bb Y desde la emisora parroquial prosigue mi\u00e9rcoles y domingo su intensa labor de evangelizaci\u00f3n local, su titular, Jos\u00e9 Ca\u00f1ones que prepara la inminente Semana Santa y hace honor a su apellido con sus frecuentes actuaciones nacionalcat\u00f3licas. Y aunque la parte de la estaci\u00f3n de la Estrecha y las calles que a la v\u00eda del ferrocarril m\u00e9trico abocan casi carecen de bombillas -se roban o se rompen- y del necesario alumbrado y se dan casos de mordeduras de perros a los vecinos, estos pueden por lo menos so\u00f1ar en los salones de los cuatro cines, siempre tan concurridos, mientras disfrutan con pel\u00edculas como \u201cLa vuelta al mundo en 80 d\u00edas\u201d, -la de David Niven y el muy popular Cantinflas- \u201cIndiscreta\u201d-la de Cary Grant y la deseada Ingmar Bergman-, \u201cLas girls\u201d o la actuaci\u00f3n de la Tuna universitaria de C\u00f3rdoba con fines ben\u00e9ficos.<\/p>\n\n\n\n<p class=\"has-text-align-right\">Publicado en octubre de 2019 en el Peri\u00f3dico de Pe\u00f1arroya-Pueblonuevo PPP<\/p>\n\n\n\n<p class=\"has-text-align-right\">Jer\u00f3nimo L\u00f3pez Mohedano, C. O.<\/p>\n","protected":false},"excerpt":{"rendered":"<p>Aquel invierno de 1959 hab\u00eda sido lo suficientemente lluvioso como para que los pe\u00f1arriblenses pudiesen hablar de \u201ctemporales de lluvia\u201d, fen\u00f3menos meteorol\u00f3gicos que, indirectamente, se cobraron la vida de Gregorio Gilgado C\u00e1ceres y ocasionaron contusiones a su hija Clemencia cuando en la madrugada del mi\u00e9rcoles&hellip;<\/p>\n","protected":false},"author":1,"featured_media":1221,"comment_status":"open","ping_status":"open","sticky":false,"template":"","format":"standard","meta":{"_exactmetrics_skip_tracking":false,"_exactmetrics_sitenote_active":false,"_exactmetrics_sitenote_note":"","_exactmetrics_sitenote_category":0,"footnotes":""},"categories":[1,41,40,9],"tags":[43,44,45,46],"class_list":["post-1220","post","type-post","status-publish","format-standard","has-post-thumbnail","hentry","category-memoria-democratica","category-memoria-democratica-del-guadiato","category-memoria-penarroya-pueblonuevo","category-noticias","tag-memoria-democratica","tag-memoria-democratica-del-guadiato","tag-memoria-penarroya-pueblonuevo","tag-noticias"],"yoast_head":"<!-- This site is optimized with the Yoast SEO plugin v27.2 - https:\/\/yoast.com\/product\/yoast-seo-wordpress\/ -->\n<title>Pe\u00f1arriblenses en el Valle de los Ca\u00eddos<\/title>\n<meta name=\"description\" content=\"Aquel invierno de 1959 hab\u00eda sido lo suficientemente lluvioso como para que los pe\u00f1arriblenses pudiesen hablar de \u201ctemporales de lluvia\u201d,\" \/>\n<meta name=\"robots\" content=\"index, follow, max-snippet:-1, max-image-preview:large, max-video-preview:-1\" \/>\n<link rel=\"canonical\" href=\"https:\/\/xn--memoriademocraticadepearroyapueblonuevo-1yd.es\/index.php\/2022\/02\/16\/penarriblenses-en-el-valle-de-los-caidos\/\" \/>\n<meta property=\"og:locale\" content=\"es_ES\" \/>\n<meta property=\"og:type\" content=\"article\" \/>\n<meta property=\"og:title\" content=\"Pe\u00f1arriblenses en el Valle de los Ca\u00eddos\" \/>\n<meta property=\"og:description\" content=\"Aquel invierno de 1959 hab\u00eda sido lo suficientemente lluvioso como para que los pe\u00f1arriblenses pudiesen hablar de \u201ctemporales de lluvia\u201d,\" \/>\n<meta property=\"og:url\" content=\"https:\/\/xn--memoriademocraticadepearroyapueblonuevo-1yd.es\/index.php\/2022\/02\/16\/penarriblenses-en-el-valle-de-los-caidos\/\" \/>\n<meta property=\"og:site_name\" content=\"Memoria democr&aacute;tica del Guadiato\" \/>\n<meta property=\"article:published_time\" content=\"2022-02-16T10:21:17+00:00\" \/>\n<meta property=\"article:modified_time\" content=\"2022-05-09T08:25:29+00:00\" \/>\n<meta property=\"og:image\" content=\"https:\/\/xn--memoriademocraticadepearroyapueblonuevo-1yd.es\/wp-content\/uploads\/2022\/02\/afp_20170511_142330940.jpg\" \/>\n\t<meta property=\"og:image:width\" content=\"1280\" \/>\n\t<meta property=\"og:image:height\" content=\"720\" \/>\n\t<meta property=\"og:image:type\" content=\"image\/jpeg\" \/>\n<meta name=\"author\" content=\"admin\" \/>\n<meta name=\"twitter:card\" content=\"summary_large_image\" \/>\n<meta name=\"twitter:label1\" content=\"Escrito por\" \/>\n\t<meta name=\"twitter:data1\" content=\"admin\" \/>\n\t<meta name=\"twitter:label2\" content=\"Tiempo de lectura\" \/>\n\t<meta name=\"twitter:data2\" content=\"7 minutos\" \/>\n<script type=\"application\/ld+json\" class=\"yoast-schema-graph\">{\"@context\":\"https:\/\/schema.org\",\"@graph\":[{\"@type\":\"Article\",\"@id\":\"https:\/\/xn--memoriademocraticadepearroyapueblonuevo-1yd.es\/index.php\/2022\/02\/16\/penarriblenses-en-el-valle-de-los-caidos\/#article\",\"isPartOf\":{\"@id\":\"https:\/\/xn--memoriademocraticadepearroyapueblonuevo-1yd.es\/index.php\/2022\/02\/16\/penarriblenses-en-el-valle-de-los-caidos\/\"},\"author\":{\"name\":\"admin\",\"@id\":\"https:\/\/xn--memoriademocraticadepearroyapueblonuevo-1yd.es\/#\/schema\/person\/6b3171435f012d1dd11f8802ca2efb59\"},\"headline\":\"Pe\u00f1arriblenses en el Valle de los Ca\u00eddos\",\"datePublished\":\"2022-02-16T10:21:17+00:00\",\"dateModified\":\"2022-05-09T08:25:29+00:00\",\"mainEntityOfPage\":{\"@id\":\"https:\/\/xn--memoriademocraticadepearroyapueblonuevo-1yd.es\/index.php\/2022\/02\/16\/penarriblenses-en-el-valle-de-los-caidos\/\"},\"wordCount\":1530,\"commentCount\":0,\"image\":{\"@id\":\"https:\/\/xn--memoriademocraticadepearroyapueblonuevo-1yd.es\/index.php\/2022\/02\/16\/penarriblenses-en-el-valle-de-los-caidos\/#primaryimage\"},\"thumbnailUrl\":\"https:\/\/xn--memoriademocraticadepearroyapueblonuevo-1yd.es\/wp-content\/uploads\/2022\/02\/afp_20170511_142330940.jpg\",\"keywords\":[\"Memoria Democr\u00e1tica\",\"Memoria Democratica del Guadiato\",\"Memoria Pe\u00f1arroya Pueblonuevo\",\"Noticias\"],\"articleSection\":[\"Memoria Democr\u00e1tica\",\"Memoria Democratica del Guadiato\",\"Memoria Pe\u00f1arroya Pueblonuevo\",\"Noticias\"],\"inLanguage\":\"es\",\"potentialAction\":[{\"@type\":\"CommentAction\",\"name\":\"Comment\",\"target\":[\"https:\/\/xn--memoriademocraticadepearroyapueblonuevo-1yd.es\/index.php\/2022\/02\/16\/penarriblenses-en-el-valle-de-los-caidos\/#respond\"]}]},{\"@type\":\"WebPage\",\"@id\":\"https:\/\/xn--memoriademocraticadepearroyapueblonuevo-1yd.es\/index.php\/2022\/02\/16\/penarriblenses-en-el-valle-de-los-caidos\/\",\"url\":\"https:\/\/xn--memoriademocraticadepearroyapueblonuevo-1yd.es\/index.php\/2022\/02\/16\/penarriblenses-en-el-valle-de-los-caidos\/\",\"name\":\"Pe\u00f1arriblenses en el Valle de los Ca\u00eddos\",\"isPartOf\":{\"@id\":\"https:\/\/xn--memoriademocraticadepearroyapueblonuevo-1yd.es\/#website\"},\"primaryImageOfPage\":{\"@id\":\"https:\/\/xn--memoriademocraticadepearroyapueblonuevo-1yd.es\/index.php\/2022\/02\/16\/penarriblenses-en-el-valle-de-los-caidos\/#primaryimage\"},\"image\":{\"@id\":\"https:\/\/xn--memoriademocraticadepearroyapueblonuevo-1yd.es\/index.php\/2022\/02\/16\/penarriblenses-en-el-valle-de-los-caidos\/#primaryimage\"},\"thumbnailUrl\":\"https:\/\/xn--memoriademocraticadepearroyapueblonuevo-1yd.es\/wp-content\/uploads\/2022\/02\/afp_20170511_142330940.jpg\",\"datePublished\":\"2022-02-16T10:21:17+00:00\",\"dateModified\":\"2022-05-09T08:25:29+00:00\",\"author\":{\"@id\":\"https:\/\/xn--memoriademocraticadepearroyapueblonuevo-1yd.es\/#\/schema\/person\/6b3171435f012d1dd11f8802ca2efb59\"},\"description\":\"Aquel invierno de 1959 hab\u00eda sido lo suficientemente lluvioso como para que los pe\u00f1arriblenses pudiesen hablar de \u201ctemporales de lluvia\u201d,\",\"breadcrumb\":{\"@id\":\"https:\/\/xn--memoriademocraticadepearroyapueblonuevo-1yd.es\/index.php\/2022\/02\/16\/penarriblenses-en-el-valle-de-los-caidos\/#breadcrumb\"},\"inLanguage\":\"es\",\"potentialAction\":[{\"@type\":\"ReadAction\",\"target\":[\"https:\/\/xn--memoriademocraticadepearroyapueblonuevo-1yd.es\/index.php\/2022\/02\/16\/penarriblenses-en-el-valle-de-los-caidos\/\"]}]},{\"@type\":\"ImageObject\",\"inLanguage\":\"es\",\"@id\":\"https:\/\/xn--memoriademocraticadepearroyapueblonuevo-1yd.es\/index.php\/2022\/02\/16\/penarriblenses-en-el-valle-de-los-caidos\/#primaryimage\",\"url\":\"https:\/\/xn--memoriademocraticadepearroyapueblonuevo-1yd.es\/wp-content\/uploads\/2022\/02\/afp_20170511_142330940.jpg\",\"contentUrl\":\"https:\/\/xn--memoriademocraticadepearroyapueblonuevo-1yd.es\/wp-content\/uploads\/2022\/02\/afp_20170511_142330940.jpg\",\"width\":1280,\"height\":720},{\"@type\":\"BreadcrumbList\",\"@id\":\"https:\/\/xn--memoriademocraticadepearroyapueblonuevo-1yd.es\/index.php\/2022\/02\/16\/penarriblenses-en-el-valle-de-los-caidos\/#breadcrumb\",\"itemListElement\":[{\"@type\":\"ListItem\",\"position\":1,\"name\":\"Portada\",\"item\":\"https:\/\/xn--memoriademocraticadepearroyapueblonuevo-1yd.es\/\"},{\"@type\":\"ListItem\",\"position\":2,\"name\":\"Pe\u00f1arriblenses en el Valle de los Ca\u00eddos\"}]},{\"@type\":\"WebSite\",\"@id\":\"https:\/\/xn--memoriademocraticadepearroyapueblonuevo-1yd.es\/#website\",\"url\":\"https:\/\/xn--memoriademocraticadepearroyapueblonuevo-1yd.es\/\",\"name\":\"Memoria democr&aacute;tica del Guadiato\",\"description\":\"Memoria democr&aacute;tica del Guadiato\",\"potentialAction\":[{\"@type\":\"SearchAction\",\"target\":{\"@type\":\"EntryPoint\",\"urlTemplate\":\"https:\/\/xn--memoriademocraticadepearroyapueblonuevo-1yd.es\/?s={search_term_string}\"},\"query-input\":{\"@type\":\"PropertyValueSpecification\",\"valueRequired\":true,\"valueName\":\"search_term_string\"}}],\"inLanguage\":\"es\"},{\"@type\":\"Person\",\"@id\":\"https:\/\/xn--memoriademocraticadepearroyapueblonuevo-1yd.es\/#\/schema\/person\/6b3171435f012d1dd11f8802ca2efb59\",\"name\":\"admin\",\"image\":{\"@type\":\"ImageObject\",\"inLanguage\":\"es\",\"@id\":\"https:\/\/secure.gravatar.com\/avatar\/40bff365fb13a637105976d970b2ec28d48204cfb513ca76a4ff31d222d10962?s=96&d=mm&r=g\",\"url\":\"https:\/\/secure.gravatar.com\/avatar\/40bff365fb13a637105976d970b2ec28d48204cfb513ca76a4ff31d222d10962?s=96&d=mm&r=g\",\"contentUrl\":\"https:\/\/secure.gravatar.com\/avatar\/40bff365fb13a637105976d970b2ec28d48204cfb513ca76a4ff31d222d10962?s=96&d=mm&r=g\",\"caption\":\"admin\"},\"sameAs\":[\"https:\/\/xn--memoriademocraticadepearroyapueblonuevo-1yd.es\"],\"url\":\"https:\/\/xn--memoriademocraticadepearroyapueblonuevo-1yd.es\/index.php\/author\/admin\/\"}]}<\/script>\n<!-- \/ Yoast SEO plugin. -->","yoast_head_json":{"title":"Pe\u00f1arriblenses en el Valle de los Ca\u00eddos","description":"Aquel invierno de 1959 hab\u00eda sido lo suficientemente lluvioso como para que los pe\u00f1arriblenses pudiesen hablar de \u201ctemporales de lluvia\u201d,","robots":{"index":"index","follow":"follow","max-snippet":"max-snippet:-1","max-image-preview":"max-image-preview:large","max-video-preview":"max-video-preview:-1"},"canonical":"https:\/\/xn--memoriademocraticadepearroyapueblonuevo-1yd.es\/index.php\/2022\/02\/16\/penarriblenses-en-el-valle-de-los-caidos\/","og_locale":"es_ES","og_type":"article","og_title":"Pe\u00f1arriblenses en el Valle de los Ca\u00eddos","og_description":"Aquel invierno de 1959 hab\u00eda sido lo suficientemente lluvioso como para que los pe\u00f1arriblenses pudiesen hablar de \u201ctemporales de lluvia\u201d,","og_url":"https:\/\/xn--memoriademocraticadepearroyapueblonuevo-1yd.es\/index.php\/2022\/02\/16\/penarriblenses-en-el-valle-de-los-caidos\/","og_site_name":"Memoria democr&aacute;tica del Guadiato","article_published_time":"2022-02-16T10:21:17+00:00","article_modified_time":"2022-05-09T08:25:29+00:00","og_image":[{"width":1280,"height":720,"url":"https:\/\/xn--memoriademocraticadepearroyapueblonuevo-1yd.es\/wp-content\/uploads\/2022\/02\/afp_20170511_142330940.jpg","type":"image\/jpeg"}],"author":"admin","twitter_card":"summary_large_image","twitter_misc":{"Escrito por":"admin","Tiempo de lectura":"7 minutos"},"schema":{"@context":"https:\/\/schema.org","@graph":[{"@type":"Article","@id":"https:\/\/xn--memoriademocraticadepearroyapueblonuevo-1yd.es\/index.php\/2022\/02\/16\/penarriblenses-en-el-valle-de-los-caidos\/#article","isPartOf":{"@id":"https:\/\/xn--memoriademocraticadepearroyapueblonuevo-1yd.es\/index.php\/2022\/02\/16\/penarriblenses-en-el-valle-de-los-caidos\/"},"author":{"name":"admin","@id":"https:\/\/xn--memoriademocraticadepearroyapueblonuevo-1yd.es\/#\/schema\/person\/6b3171435f012d1dd11f8802ca2efb59"},"headline":"Pe\u00f1arriblenses en el Valle de los Ca\u00eddos","datePublished":"2022-02-16T10:21:17+00:00","dateModified":"2022-05-09T08:25:29+00:00","mainEntityOfPage":{"@id":"https:\/\/xn--memoriademocraticadepearroyapueblonuevo-1yd.es\/index.php\/2022\/02\/16\/penarriblenses-en-el-valle-de-los-caidos\/"},"wordCount":1530,"commentCount":0,"image":{"@id":"https:\/\/xn--memoriademocraticadepearroyapueblonuevo-1yd.es\/index.php\/2022\/02\/16\/penarriblenses-en-el-valle-de-los-caidos\/#primaryimage"},"thumbnailUrl":"https:\/\/xn--memoriademocraticadepearroyapueblonuevo-1yd.es\/wp-content\/uploads\/2022\/02\/afp_20170511_142330940.jpg","keywords":["Memoria Democr\u00e1tica","Memoria Democratica del Guadiato","Memoria Pe\u00f1arroya Pueblonuevo","Noticias"],"articleSection":["Memoria Democr\u00e1tica","Memoria Democratica del Guadiato","Memoria Pe\u00f1arroya Pueblonuevo","Noticias"],"inLanguage":"es","potentialAction":[{"@type":"CommentAction","name":"Comment","target":["https:\/\/xn--memoriademocraticadepearroyapueblonuevo-1yd.es\/index.php\/2022\/02\/16\/penarriblenses-en-el-valle-de-los-caidos\/#respond"]}]},{"@type":"WebPage","@id":"https:\/\/xn--memoriademocraticadepearroyapueblonuevo-1yd.es\/index.php\/2022\/02\/16\/penarriblenses-en-el-valle-de-los-caidos\/","url":"https:\/\/xn--memoriademocraticadepearroyapueblonuevo-1yd.es\/index.php\/2022\/02\/16\/penarriblenses-en-el-valle-de-los-caidos\/","name":"Pe\u00f1arriblenses en el Valle de los Ca\u00eddos","isPartOf":{"@id":"https:\/\/xn--memoriademocraticadepearroyapueblonuevo-1yd.es\/#website"},"primaryImageOfPage":{"@id":"https:\/\/xn--memoriademocraticadepearroyapueblonuevo-1yd.es\/index.php\/2022\/02\/16\/penarriblenses-en-el-valle-de-los-caidos\/#primaryimage"},"image":{"@id":"https:\/\/xn--memoriademocraticadepearroyapueblonuevo-1yd.es\/index.php\/2022\/02\/16\/penarriblenses-en-el-valle-de-los-caidos\/#primaryimage"},"thumbnailUrl":"https:\/\/xn--memoriademocraticadepearroyapueblonuevo-1yd.es\/wp-content\/uploads\/2022\/02\/afp_20170511_142330940.jpg","datePublished":"2022-02-16T10:21:17+00:00","dateModified":"2022-05-09T08:25:29+00:00","author":{"@id":"https:\/\/xn--memoriademocraticadepearroyapueblonuevo-1yd.es\/#\/schema\/person\/6b3171435f012d1dd11f8802ca2efb59"},"description":"Aquel invierno de 1959 hab\u00eda sido lo suficientemente lluvioso como para que los pe\u00f1arriblenses pudiesen hablar de \u201ctemporales de lluvia\u201d,","breadcrumb":{"@id":"https:\/\/xn--memoriademocraticadepearroyapueblonuevo-1yd.es\/index.php\/2022\/02\/16\/penarriblenses-en-el-valle-de-los-caidos\/#breadcrumb"},"inLanguage":"es","potentialAction":[{"@type":"ReadAction","target":["https:\/\/xn--memoriademocraticadepearroyapueblonuevo-1yd.es\/index.php\/2022\/02\/16\/penarriblenses-en-el-valle-de-los-caidos\/"]}]},{"@type":"ImageObject","inLanguage":"es","@id":"https:\/\/xn--memoriademocraticadepearroyapueblonuevo-1yd.es\/index.php\/2022\/02\/16\/penarriblenses-en-el-valle-de-los-caidos\/#primaryimage","url":"https:\/\/xn--memoriademocraticadepearroyapueblonuevo-1yd.es\/wp-content\/uploads\/2022\/02\/afp_20170511_142330940.jpg","contentUrl":"https:\/\/xn--memoriademocraticadepearroyapueblonuevo-1yd.es\/wp-content\/uploads\/2022\/02\/afp_20170511_142330940.jpg","width":1280,"height":720},{"@type":"BreadcrumbList","@id":"https:\/\/xn--memoriademocraticadepearroyapueblonuevo-1yd.es\/index.php\/2022\/02\/16\/penarriblenses-en-el-valle-de-los-caidos\/#breadcrumb","itemListElement":[{"@type":"ListItem","position":1,"name":"Portada","item":"https:\/\/xn--memoriademocraticadepearroyapueblonuevo-1yd.es\/"},{"@type":"ListItem","position":2,"name":"Pe\u00f1arriblenses en el Valle de los Ca\u00eddos"}]},{"@type":"WebSite","@id":"https:\/\/xn--memoriademocraticadepearroyapueblonuevo-1yd.es\/#website","url":"https:\/\/xn--memoriademocraticadepearroyapueblonuevo-1yd.es\/","name":"Memoria democr&aacute;tica del Guadiato","description":"Memoria democr&aacute;tica del Guadiato","potentialAction":[{"@type":"SearchAction","target":{"@type":"EntryPoint","urlTemplate":"https:\/\/xn--memoriademocraticadepearroyapueblonuevo-1yd.es\/?s={search_term_string}"},"query-input":{"@type":"PropertyValueSpecification","valueRequired":true,"valueName":"search_term_string"}}],"inLanguage":"es"},{"@type":"Person","@id":"https:\/\/xn--memoriademocraticadepearroyapueblonuevo-1yd.es\/#\/schema\/person\/6b3171435f012d1dd11f8802ca2efb59","name":"admin","image":{"@type":"ImageObject","inLanguage":"es","@id":"https:\/\/secure.gravatar.com\/avatar\/40bff365fb13a637105976d970b2ec28d48204cfb513ca76a4ff31d222d10962?s=96&d=mm&r=g","url":"https:\/\/secure.gravatar.com\/avatar\/40bff365fb13a637105976d970b2ec28d48204cfb513ca76a4ff31d222d10962?s=96&d=mm&r=g","contentUrl":"https:\/\/secure.gravatar.com\/avatar\/40bff365fb13a637105976d970b2ec28d48204cfb513ca76a4ff31d222d10962?s=96&d=mm&r=g","caption":"admin"},"sameAs":["https:\/\/xn--memoriademocraticadepearroyapueblonuevo-1yd.es"],"url":"https:\/\/xn--memoriademocraticadepearroyapueblonuevo-1yd.es\/index.php\/author\/admin\/"}]}},"_links":{"self":[{"href":"https:\/\/xn--memoriademocraticadepearroyapueblonuevo-1yd.es\/index.php\/wp-json\/wp\/v2\/posts\/1220","targetHints":{"allow":["GET"]}}],"collection":[{"href":"https:\/\/xn--memoriademocraticadepearroyapueblonuevo-1yd.es\/index.php\/wp-json\/wp\/v2\/posts"}],"about":[{"href":"https:\/\/xn--memoriademocraticadepearroyapueblonuevo-1yd.es\/index.php\/wp-json\/wp\/v2\/types\/post"}],"author":[{"embeddable":true,"href":"https:\/\/xn--memoriademocraticadepearroyapueblonuevo-1yd.es\/index.php\/wp-json\/wp\/v2\/users\/1"}],"replies":[{"embeddable":true,"href":"https:\/\/xn--memoriademocraticadepearroyapueblonuevo-1yd.es\/index.php\/wp-json\/wp\/v2\/comments?post=1220"}],"version-history":[{"count":1,"href":"https:\/\/xn--memoriademocraticadepearroyapueblonuevo-1yd.es\/index.php\/wp-json\/wp\/v2\/posts\/1220\/revisions"}],"predecessor-version":[{"id":1222,"href":"https:\/\/xn--memoriademocraticadepearroyapueblonuevo-1yd.es\/index.php\/wp-json\/wp\/v2\/posts\/1220\/revisions\/1222"}],"wp:featuredmedia":[{"embeddable":true,"href":"https:\/\/xn--memoriademocraticadepearroyapueblonuevo-1yd.es\/index.php\/wp-json\/wp\/v2\/media\/1221"}],"wp:attachment":[{"href":"https:\/\/xn--memoriademocraticadepearroyapueblonuevo-1yd.es\/index.php\/wp-json\/wp\/v2\/media?parent=1220"}],"wp:term":[{"taxonomy":"category","embeddable":true,"href":"https:\/\/xn--memoriademocraticadepearroyapueblonuevo-1yd.es\/index.php\/wp-json\/wp\/v2\/categories?post=1220"},{"taxonomy":"post_tag","embeddable":true,"href":"https:\/\/xn--memoriademocraticadepearroyapueblonuevo-1yd.es\/index.php\/wp-json\/wp\/v2\/tags?post=1220"}],"curies":[{"name":"wp","href":"https:\/\/api.w.org\/{rel}","templated":true}]}}