{"id":1214,"date":"2022-02-16T09:47:38","date_gmt":"2022-02-16T09:47:38","guid":{"rendered":"https:\/\/xn--memoriademocraticadepearroyapueblonuevo-1yd.es\/?p=1214"},"modified":"2022-05-09T08:25:50","modified_gmt":"2022-05-09T08:25:50","slug":"evita-peron-en-el-recuerdo-de-los-penarriblenses","status":"publish","type":"post","link":"https:\/\/xn--memoriademocraticadepearroyapueblonuevo-1yd.es\/index.php\/2022\/02\/16\/evita-peron-en-el-recuerdo-de-los-penarriblenses\/","title":{"rendered":"Evita Per\u00f3n en el recuerdo de los pe\u00f1arriblenses"},"content":{"rendered":"\n<p>La emisi\u00f3n por RTVE de la magn\u00edfica miniserie sobre la visita de nueve d\u00edas a la<br>aislada, encastillada y aut\u00e1rquica Espa\u00f1a del Movimiento Nacional como partido \u00fanico,<br>de las adhesiones inquebrantables al poder personal del general Franco de 1947, me ha<br>movido a considerar como era la vida de aquellos espa\u00f1oles vitalmente tan cercanos, de aquel<br>a\u00f1o que se inici\u00f3 con una de las cl\u00e1sicas manifestaci\u00f3n de adhesi\u00f3n al Caudillo Franco en la Plaza<br>de Oriente tras la condena del R\u00e9gimen por las Naciones Unidas y la consiguiente retirada de<br>embajadores, aislamiento al que hab\u00eda que sumar muchas carencias tras el duro a\u00f1o del hambre<br>vivido en 1946, segu\u00eda racionados los v\u00edveres, las cosechas mermadas y eran objeto de<br>especulaci\u00f3n el resto de las materias primas. La &lt;&gt; produjo una crisis en el<br>suministro de energ\u00eda el\u00e9ctrica y restricciones generalizadas en el comercio y la industria,<br>mientras la escasez de combustibles permit\u00eda la existencia de un floreciente mercado negro de la<br>gasolina. Industriales y comerciantes ocultaban el g\u00e9nero para provocar subidas de precios y<br>burlar las tasas impuestas, convirtiendo en una era dorada este tiempo para los numerosos p\u00edcaros<br>que viv\u00edan del estraperlo. Por las calles de pueblos y ciudades mutilados de la guerra civil, del<br>bando perdedor, exhib\u00edan su desamparo y miseria. Incluso durante 3 d\u00edas se produce una masiva<br>huelga industrial en Vizcaya.<\/p>\n\n\n\n<p>Desde el diario Arriba se excitaba la fobia antidin\u00e1stica contra el pretendiente D. Juan<br>de Borb\u00f3n, \u00fanicamente defendido desde las p\u00e1ginas de ABC, y se apoyaba, como en el resto de la<br>prensa, la Ley de Sucesi\u00f3n a la Jefatura del Estado que convertir\u00eda a Espa\u00f1a en Reino y con la<br>que Franco quer\u00eda apuntalar legislativamente a su r\u00e9gimen. Esta Ley Fundamental ser\u00eda<br>masivamente aceptada en el refer\u00e9ndum del mes de julio por los espa\u00f1oles, tras una descomunal<br>e intimidante campa\u00f1a de propaganda por el SI, convirti\u00e9ndose en la segunda de las leyes con las<br>que se armar\u00eda la muy sui generis democracia org\u00e1nica espa\u00f1ola. En este mes, Franco trat\u00f3 de<br>esconder la crisis con una paga extraordinaria, la del 18 de julio. En los ruedos triunfaba Manuel<br>Rodr\u00edguez, Manolete, aunque la muerte le aguardaba en aquel septiembre en los pitones de Islero,<br>en el coso de Linares, y marcar\u00eda el final de una toda una etapa de la vida espa\u00f1ola.<\/p>\n\n\n\n<p>Y mientras en Pe\u00f1arroya-Pueblonuevo el Ayuntamiento que preside D. Isidro M\u00e1rquez y<br>Ram\u00edrez de Arellan, antiguo combatiente y empleado de la SMMP, trata de paliar la crisis<br>pavimentado y acerando algunas calles, atendiendo en la Beneficencia Municipal a numerosos<br>necesitados y complementando la labor del comedor de Auxilio Social. Del pastoreo de las almas<br>para cumplir el lema de \u201cPor el Imperio hacia Dios\u201d se encargaban el p\u00e1rroco de Santa B\u00e1rbara,<br>D. Alfonso Camargo, y el de Na Sa del Rosario, D. Jos\u00e9 Ortiz Gonz\u00e1lez, el cura guapo que<br>lideraban activos grupos de Acci\u00f3n Cat\u00f3lica y de Adoraci\u00f3n Nocturna.<\/p>\n\n\n\n<p>De las minas de la Sociedad Minera y Metal\u00fargica de Pe\u00f1arroya se extraen cada vez<br>menos carbones grasos y los carbones antracitosos se destinan a las f\u00e1bricas de gas y electricidad,<br>como la T\u00e9rmica pe\u00f1arriblense que sigue suministrando con sus redes de 15000, 30000 y 60000<br>voltios a poblaciones de Badajoz, Ciudad Real y del resto de la Sierra de C\u00f3rdoba. Estudios<br>empresariales consideran como probable el inmediato agotamiento de la zona hullera del t\u00e9rmino<br>municipal pe\u00f1arriblense. En las f\u00e1bricas de Productos Qu\u00edmicos, sulfato de cobre y superfosfatos<br>la producci\u00f3n se resiente, pues depende de los precarios cupos obtenidos de las materias primas,<br>igual que ocurre en los Talleres Generales donde faltan el acero, el bronce y otros metales. En el<br>otro cerco industrial, el de La Papelera del Sur, sigue la producci\u00f3n de sacos gracias a la paja de<br>cereales proveniente de los campos extreme\u00f1os y cordobeses. La Yutera, adem\u00e1s de los tejidos<br>de yute y esparto, f\u00e1brica en exclusiva sacos a base de hilos de papel, as\u00ed como sacos embreados<br>para envasar abonos y otras materias higrosc\u00f3picas. La falta de material ferroviario no permite<br>realizar facturaciones de carbones, que se acumulan en los dep\u00f3sitos al aire libre junto a las minas<br>y la Empresa se niega a dar carb\u00f3n a las viudas de sus productores jubilados. El paro registrado<br>en el mes de junio es de 362 hombres y de 165 mujeres, que sigue una leve tendencia a la baja.<\/p>\n\n\n\n<p>Entre los asuntos que quitan el sue\u00f1o a los vecinos est\u00e1n la pavorosa falta de viviendas,<br>achacadas a las destrucciones provocadas por los rojos durante la guerra civil, que en realidad<br>hab\u00eda agravado este end\u00e9mico problema local y desde los sindicatos locales de la Central Nacional<\/p>\n\n\n\n<p>Sindicalista se pide la construcci\u00f3n de viviendas protegidas. Los gases sulfurosos, sulf\u00faricos,<br>n\u00edtricos, arsenicales y de sosa generados por las industrias que, junto a los procedentes de la<br>combusti\u00f3n del carb\u00f3n por industrias y particulares contaminan en los d\u00edas de calma el aire. Las<br>colas en el economato de la SMMP o en los comercios para obtener mediante la cartilla de<br>racionamiento los 250 gramos de pan por individuo o los ingredientes necesarios para comer los<br>\u201ct\u00edpicos\u201d garbanzos engrasados con tocino y carne (bien escasa por la fuerte sequ\u00eda) del almuerzo,<br>las sardinas o patas del plato nocturno, o el caf\u00e9 y la leche que con los churros serv\u00edan de<br>desayuno. Y tambi\u00e9n contadas cantidades de arroz, jud\u00edas y legumbres. La penuria en los<br>abastecimientos hace que el rendimiento de los trabajadores sea escaso por la mala alimentaci\u00f3n.<br>Desaparecido el Instituto, esforzados maestros del casi medio centenar de escuelas, la mayor\u00eda<br>nacionales, trataban de educar y ense\u00f1ar a una chavaler\u00eda numerosa y poco motivada por las<br>dificultades econ\u00f3micas y familiares. El abasto de agua potable en verano es otro problema<br>end\u00e9mico en el distrito de Pueblonuevo, que se abastece del sobrante de la que suministra a sus<br>industrias y personal empleado por la SMMP desde La Garganta (Ciudad Real), mientras que en<br>el de Pe\u00f1arroya se abastece de pozos que se contaminan con mucha facilidad.<\/p>\n\n\n\n<p>El 7 de junio de 1947 llega a Espa\u00f1a Eva Duarte de Per\u00f3n, portadora de esperanzas de<br>mejores suministros y dos d\u00edas despu\u00e9s se gana las simpat\u00edas de los renuentes \u201crogelios\u201d cuando<br>en Madrid manifiesta \u201cOs traigo el contagio de felicidad de los trabajadores argentinos. Os<br>ofrezco mi coraz\u00f3n de mujer, empapado en la nueva justicia que hemos dado a los obreros de<br>mis ciudades y mis campos\u201d.<\/p>\n\n\n\n<p>El Ayuntamiento pe\u00f1arriblense envi\u00f3 sus parabienes oficiales a la ilustre visitante y<br>propuso luego que una de las calles llevase el nombre de \u201cRep\u00fablica Argentina\u201d en<br>agradecimiento por la ayuda prestada a la Madre Patria, seg\u00fan la ret\u00f3rica de la \u00e9poca. Fue elegida<br>la calle Uni\u00f3n, de resonancias obreristas, pero cuando se inaugur\u00f3 oficialmente la placa no<br>faltaron regocijados ex-republicanos por ver el nombre de la rep\u00fablica, aunque fuera la argentina,<br>en una de las calles, mientras los partidarios del r\u00e9gimen se congratulaban porque era uno de los<br>pocos pa\u00edses que mantuvo su amistad, a pesar del consejo de la ONU.<\/p>\n\n\n\n<p>Antonio Lloret, hermano del que fuera primer jefe de la Falange Espa\u00f1ola local que fue<br>fusilado en tierras manchegas en octubre de 1936, empleado de la SMMP y reconocido m\u00fasico e<br>int\u00e9rprete, escribi\u00f3 una partitura con motivo de tan triunfal visita, recibiendo los m\u00e1s<br>efusivos agradecimientos en una carta que a\u00fan guarda uno de sus hijos, pero que no<br>sabemos si fue interpretada en el pueblo alguna vez.<\/p>\n\n\n\n<p>Los j\u00f3venes pe\u00f1arriblenses Juan Cabanillas, Guillermo Garc\u00eda y Victoriano Vera<br>que aquella misma ma\u00f1ana hab\u00edan realizado la primera parte del Examen de Estado en<br>una Sevilla alborotada y expectante, pudieron ver junto a miles de personas a aquella<br>Evita Per\u00f3n en la fastuosa recepci\u00f3n que el alcalde sevillano, el Marqu\u00e9s del Contadero,<br>le dispens\u00f3: numerosos coches de caballos la esperaban para acompa\u00f1arla desde el<br>aeropuerto y durante el recorrido en la entonces avenida de Queipo de Llano en la que<br>cientos de j\u00f3venes ataviadas estaban situadas a ambos lados ataviadas con el traje t\u00edpico<br>y llevando alternadamente cestos con p\u00e9talos que iban arrojando o palomas que pon\u00edan<br>en libertad al paso de la ilustre visitante en medio de un entusiasmo desbordado.<\/p>\n\n\n\n<p>Los pe\u00f1arriblenses pudieron admirar la rubia belleza de Evita y la frescura<br>militante y social de sus discursos, cuando se proyectaron los obligatorios NODOS en<br>cualquiera de la media docena de salas de cine y sobre todo, pudieron apreciar las mejoras<br>en el racionamiento derivadas de los acuerdos que se materializaron en la primavera<br>siguiente con la firma en Buenos Aires del Protocolo Franco-Per\u00f3n, con un cr\u00e9dito<br>cuatrienal que alcanzaba los 4.500.000.000 de pesetas destinado a las compras de materias<br>b\u00e1sicas, alimentos y art\u00edculos de primera necesidad \u2013especialmente de trigo- primordiales<br>para un pa\u00eds que, como Espa\u00f1a, hab\u00eda sido excluido taxativamente de las ayudas del Plan<br>Marshall para la reconstrucci\u00f3n de la Europa devastada por la sangrienta 2a Guerra<br>Mundial.<\/p>\n\n\n\n<p class=\"has-text-align-right\">Publicado en el Peri\u00f3dico de Pe\u00f1arroya a-Pueblonuevo en junio de 2013<\/p>\n\n\n\n<p class=\"has-text-align-right\">Por Jer\u00f3nimo L\u00f3pez Mohedano<br>Cronista Oficial de Pe\u00f1arroya-Pueblonuevo<\/p>\n","protected":false},"excerpt":{"rendered":"<p>La emisi\u00f3n por RTVE de la magn\u00edfica miniserie sobre la visita de nueve d\u00edas a laaislada, encastillada y aut\u00e1rquica Espa\u00f1a del Movimiento Nacional como partido \u00fanico,de las adhesiones inquebrantables al poder personal del general Franco de 1947, me hamovido a considerar como era la vida&hellip;<\/p>\n","protected":false},"author":1,"featured_media":1216,"comment_status":"open","ping_status":"open","sticky":false,"template":"","format":"standard","meta":{"_exactmetrics_skip_tracking":false,"_exactmetrics_sitenote_active":false,"_exactmetrics_sitenote_note":"","_exactmetrics_sitenote_category":0,"footnotes":""},"categories":[1,41,9],"tags":[43,44,46],"class_list":["post-1214","post","type-post","status-publish","format-standard","has-post-thumbnail","hentry","category-memoria-democratica","category-memoria-democratica-del-guadiato","category-noticias","tag-memoria-democratica","tag-memoria-democratica-del-guadiato","tag-noticias"],"yoast_head":"<!-- This site is optimized with the Yoast SEO plugin v27.2 - https:\/\/yoast.com\/product\/yoast-seo-wordpress\/ -->\n<title>Evita Per\u00f3n en el recuerdo de los pe\u00f1arriblenses<\/title>\n<meta name=\"description\" content=\"La emisi\u00f3n por RTVE de la magn\u00edfica miniserie sobre la visita de nueve d\u00edas a laaislada, encastillada y aut\u00e1rquica Espa\u00f1a del Movimiento Nacional como partido \u00fanico,\" \/>\n<meta name=\"robots\" content=\"index, follow, max-snippet:-1, max-image-preview:large, max-video-preview:-1\" \/>\n<link rel=\"canonical\" href=\"https:\/\/xn--memoriademocraticadepearroyapueblonuevo-1yd.es\/index.php\/2022\/02\/16\/evita-peron-en-el-recuerdo-de-los-penarriblenses\/\" \/>\n<meta property=\"og:locale\" content=\"es_ES\" \/>\n<meta property=\"og:type\" content=\"article\" \/>\n<meta property=\"og:title\" content=\"Evita Per\u00f3n en el recuerdo de los pe\u00f1arriblenses\" \/>\n<meta property=\"og:description\" content=\"La emisi\u00f3n por RTVE de la magn\u00edfica miniserie sobre la visita de nueve d\u00edas a laaislada, encastillada y aut\u00e1rquica Espa\u00f1a del Movimiento Nacional como partido \u00fanico,\" \/>\n<meta property=\"og:url\" content=\"https:\/\/xn--memoriademocraticadepearroyapueblonuevo-1yd.es\/index.php\/2022\/02\/16\/evita-peron-en-el-recuerdo-de-los-penarriblenses\/\" \/>\n<meta property=\"og:site_name\" content=\"Memoria democr&aacute;tica del Guadiato\" \/>\n<meta property=\"article:published_time\" content=\"2022-02-16T09:47:38+00:00\" \/>\n<meta property=\"article:modified_time\" content=\"2022-05-09T08:25:50+00:00\" \/>\n<meta property=\"og:image\" content=\"https:\/\/xn--memoriademocraticadepearroyapueblonuevo-1yd.es\/wp-content\/uploads\/2022\/02\/f608x342-8018_37741_0.jpg\" \/>\n\t<meta property=\"og:image:width\" content=\"608\" \/>\n\t<meta property=\"og:image:height\" content=\"342\" \/>\n\t<meta property=\"og:image:type\" content=\"image\/jpeg\" \/>\n<meta name=\"author\" content=\"admin\" \/>\n<meta name=\"twitter:card\" content=\"summary_large_image\" \/>\n<meta name=\"twitter:label1\" content=\"Escrito por\" \/>\n\t<meta name=\"twitter:data1\" content=\"admin\" \/>\n\t<meta name=\"twitter:label2\" content=\"Tiempo de lectura\" \/>\n\t<meta name=\"twitter:data2\" content=\"7 minutos\" \/>\n<script type=\"application\/ld+json\" class=\"yoast-schema-graph\">{\"@context\":\"https:\/\/schema.org\",\"@graph\":[{\"@type\":\"Article\",\"@id\":\"https:\/\/xn--memoriademocraticadepearroyapueblonuevo-1yd.es\/index.php\/2022\/02\/16\/evita-peron-en-el-recuerdo-de-los-penarriblenses\/#article\",\"isPartOf\":{\"@id\":\"https:\/\/xn--memoriademocraticadepearroyapueblonuevo-1yd.es\/index.php\/2022\/02\/16\/evita-peron-en-el-recuerdo-de-los-penarriblenses\/\"},\"author\":{\"name\":\"admin\",\"@id\":\"https:\/\/xn--memoriademocraticadepearroyapueblonuevo-1yd.es\/#\/schema\/person\/6b3171435f012d1dd11f8802ca2efb59\"},\"headline\":\"Evita Per\u00f3n en el recuerdo de los pe\u00f1arriblenses\",\"datePublished\":\"2022-02-16T09:47:38+00:00\",\"dateModified\":\"2022-05-09T08:25:50+00:00\",\"mainEntityOfPage\":{\"@id\":\"https:\/\/xn--memoriademocraticadepearroyapueblonuevo-1yd.es\/index.php\/2022\/02\/16\/evita-peron-en-el-recuerdo-de-los-penarriblenses\/\"},\"wordCount\":1551,\"commentCount\":0,\"image\":{\"@id\":\"https:\/\/xn--memoriademocraticadepearroyapueblonuevo-1yd.es\/index.php\/2022\/02\/16\/evita-peron-en-el-recuerdo-de-los-penarriblenses\/#primaryimage\"},\"thumbnailUrl\":\"https:\/\/xn--memoriademocraticadepearroyapueblonuevo-1yd.es\/wp-content\/uploads\/2022\/02\/f608x342-8018_37741_0.jpg\",\"keywords\":[\"Memoria Democr\u00e1tica\",\"Memoria Democratica del Guadiato\",\"Noticias\"],\"articleSection\":[\"Memoria Democr\u00e1tica\",\"Memoria Democratica del Guadiato\",\"Noticias\"],\"inLanguage\":\"es\",\"potentialAction\":[{\"@type\":\"CommentAction\",\"name\":\"Comment\",\"target\":[\"https:\/\/xn--memoriademocraticadepearroyapueblonuevo-1yd.es\/index.php\/2022\/02\/16\/evita-peron-en-el-recuerdo-de-los-penarriblenses\/#respond\"]}]},{\"@type\":\"WebPage\",\"@id\":\"https:\/\/xn--memoriademocraticadepearroyapueblonuevo-1yd.es\/index.php\/2022\/02\/16\/evita-peron-en-el-recuerdo-de-los-penarriblenses\/\",\"url\":\"https:\/\/xn--memoriademocraticadepearroyapueblonuevo-1yd.es\/index.php\/2022\/02\/16\/evita-peron-en-el-recuerdo-de-los-penarriblenses\/\",\"name\":\"Evita Per\u00f3n en el recuerdo de los pe\u00f1arriblenses\",\"isPartOf\":{\"@id\":\"https:\/\/xn--memoriademocraticadepearroyapueblonuevo-1yd.es\/#website\"},\"primaryImageOfPage\":{\"@id\":\"https:\/\/xn--memoriademocraticadepearroyapueblonuevo-1yd.es\/index.php\/2022\/02\/16\/evita-peron-en-el-recuerdo-de-los-penarriblenses\/#primaryimage\"},\"image\":{\"@id\":\"https:\/\/xn--memoriademocraticadepearroyapueblonuevo-1yd.es\/index.php\/2022\/02\/16\/evita-peron-en-el-recuerdo-de-los-penarriblenses\/#primaryimage\"},\"thumbnailUrl\":\"https:\/\/xn--memoriademocraticadepearroyapueblonuevo-1yd.es\/wp-content\/uploads\/2022\/02\/f608x342-8018_37741_0.jpg\",\"datePublished\":\"2022-02-16T09:47:38+00:00\",\"dateModified\":\"2022-05-09T08:25:50+00:00\",\"author\":{\"@id\":\"https:\/\/xn--memoriademocraticadepearroyapueblonuevo-1yd.es\/#\/schema\/person\/6b3171435f012d1dd11f8802ca2efb59\"},\"description\":\"La emisi\u00f3n por RTVE de la magn\u00edfica miniserie sobre la visita de nueve d\u00edas a laaislada, encastillada y aut\u00e1rquica Espa\u00f1a del Movimiento Nacional como partido \u00fanico,\",\"breadcrumb\":{\"@id\":\"https:\/\/xn--memoriademocraticadepearroyapueblonuevo-1yd.es\/index.php\/2022\/02\/16\/evita-peron-en-el-recuerdo-de-los-penarriblenses\/#breadcrumb\"},\"inLanguage\":\"es\",\"potentialAction\":[{\"@type\":\"ReadAction\",\"target\":[\"https:\/\/xn--memoriademocraticadepearroyapueblonuevo-1yd.es\/index.php\/2022\/02\/16\/evita-peron-en-el-recuerdo-de-los-penarriblenses\/\"]}]},{\"@type\":\"ImageObject\",\"inLanguage\":\"es\",\"@id\":\"https:\/\/xn--memoriademocraticadepearroyapueblonuevo-1yd.es\/index.php\/2022\/02\/16\/evita-peron-en-el-recuerdo-de-los-penarriblenses\/#primaryimage\",\"url\":\"https:\/\/xn--memoriademocraticadepearroyapueblonuevo-1yd.es\/wp-content\/uploads\/2022\/02\/f608x342-8018_37741_0.jpg\",\"contentUrl\":\"https:\/\/xn--memoriademocraticadepearroyapueblonuevo-1yd.es\/wp-content\/uploads\/2022\/02\/f608x342-8018_37741_0.jpg\",\"width\":608,\"height\":342},{\"@type\":\"BreadcrumbList\",\"@id\":\"https:\/\/xn--memoriademocraticadepearroyapueblonuevo-1yd.es\/index.php\/2022\/02\/16\/evita-peron-en-el-recuerdo-de-los-penarriblenses\/#breadcrumb\",\"itemListElement\":[{\"@type\":\"ListItem\",\"position\":1,\"name\":\"Portada\",\"item\":\"https:\/\/xn--memoriademocraticadepearroyapueblonuevo-1yd.es\/\"},{\"@type\":\"ListItem\",\"position\":2,\"name\":\"Evita Per\u00f3n en el recuerdo de los pe\u00f1arriblenses\"}]},{\"@type\":\"WebSite\",\"@id\":\"https:\/\/xn--memoriademocraticadepearroyapueblonuevo-1yd.es\/#website\",\"url\":\"https:\/\/xn--memoriademocraticadepearroyapueblonuevo-1yd.es\/\",\"name\":\"Memoria democr&aacute;tica del Guadiato\",\"description\":\"Memoria democr&aacute;tica del Guadiato\",\"potentialAction\":[{\"@type\":\"SearchAction\",\"target\":{\"@type\":\"EntryPoint\",\"urlTemplate\":\"https:\/\/xn--memoriademocraticadepearroyapueblonuevo-1yd.es\/?s={search_term_string}\"},\"query-input\":{\"@type\":\"PropertyValueSpecification\",\"valueRequired\":true,\"valueName\":\"search_term_string\"}}],\"inLanguage\":\"es\"},{\"@type\":\"Person\",\"@id\":\"https:\/\/xn--memoriademocraticadepearroyapueblonuevo-1yd.es\/#\/schema\/person\/6b3171435f012d1dd11f8802ca2efb59\",\"name\":\"admin\",\"image\":{\"@type\":\"ImageObject\",\"inLanguage\":\"es\",\"@id\":\"https:\/\/secure.gravatar.com\/avatar\/40bff365fb13a637105976d970b2ec28d48204cfb513ca76a4ff31d222d10962?s=96&d=mm&r=g\",\"url\":\"https:\/\/secure.gravatar.com\/avatar\/40bff365fb13a637105976d970b2ec28d48204cfb513ca76a4ff31d222d10962?s=96&d=mm&r=g\",\"contentUrl\":\"https:\/\/secure.gravatar.com\/avatar\/40bff365fb13a637105976d970b2ec28d48204cfb513ca76a4ff31d222d10962?s=96&d=mm&r=g\",\"caption\":\"admin\"},\"sameAs\":[\"https:\/\/xn--memoriademocraticadepearroyapueblonuevo-1yd.es\"],\"url\":\"https:\/\/xn--memoriademocraticadepearroyapueblonuevo-1yd.es\/index.php\/author\/admin\/\"}]}<\/script>\n<!-- \/ Yoast SEO plugin. -->","yoast_head_json":{"title":"Evita Per\u00f3n en el recuerdo de los pe\u00f1arriblenses","description":"La emisi\u00f3n por RTVE de la magn\u00edfica miniserie sobre la visita de nueve d\u00edas a laaislada, encastillada y aut\u00e1rquica Espa\u00f1a del Movimiento Nacional como partido \u00fanico,","robots":{"index":"index","follow":"follow","max-snippet":"max-snippet:-1","max-image-preview":"max-image-preview:large","max-video-preview":"max-video-preview:-1"},"canonical":"https:\/\/xn--memoriademocraticadepearroyapueblonuevo-1yd.es\/index.php\/2022\/02\/16\/evita-peron-en-el-recuerdo-de-los-penarriblenses\/","og_locale":"es_ES","og_type":"article","og_title":"Evita Per\u00f3n en el recuerdo de los pe\u00f1arriblenses","og_description":"La emisi\u00f3n por RTVE de la magn\u00edfica miniserie sobre la visita de nueve d\u00edas a laaislada, encastillada y aut\u00e1rquica Espa\u00f1a del Movimiento Nacional como partido \u00fanico,","og_url":"https:\/\/xn--memoriademocraticadepearroyapueblonuevo-1yd.es\/index.php\/2022\/02\/16\/evita-peron-en-el-recuerdo-de-los-penarriblenses\/","og_site_name":"Memoria democr&aacute;tica del Guadiato","article_published_time":"2022-02-16T09:47:38+00:00","article_modified_time":"2022-05-09T08:25:50+00:00","og_image":[{"width":608,"height":342,"url":"https:\/\/xn--memoriademocraticadepearroyapueblonuevo-1yd.es\/wp-content\/uploads\/2022\/02\/f608x342-8018_37741_0.jpg","type":"image\/jpeg"}],"author":"admin","twitter_card":"summary_large_image","twitter_misc":{"Escrito por":"admin","Tiempo de lectura":"7 minutos"},"schema":{"@context":"https:\/\/schema.org","@graph":[{"@type":"Article","@id":"https:\/\/xn--memoriademocraticadepearroyapueblonuevo-1yd.es\/index.php\/2022\/02\/16\/evita-peron-en-el-recuerdo-de-los-penarriblenses\/#article","isPartOf":{"@id":"https:\/\/xn--memoriademocraticadepearroyapueblonuevo-1yd.es\/index.php\/2022\/02\/16\/evita-peron-en-el-recuerdo-de-los-penarriblenses\/"},"author":{"name":"admin","@id":"https:\/\/xn--memoriademocraticadepearroyapueblonuevo-1yd.es\/#\/schema\/person\/6b3171435f012d1dd11f8802ca2efb59"},"headline":"Evita Per\u00f3n en el recuerdo de los pe\u00f1arriblenses","datePublished":"2022-02-16T09:47:38+00:00","dateModified":"2022-05-09T08:25:50+00:00","mainEntityOfPage":{"@id":"https:\/\/xn--memoriademocraticadepearroyapueblonuevo-1yd.es\/index.php\/2022\/02\/16\/evita-peron-en-el-recuerdo-de-los-penarriblenses\/"},"wordCount":1551,"commentCount":0,"image":{"@id":"https:\/\/xn--memoriademocraticadepearroyapueblonuevo-1yd.es\/index.php\/2022\/02\/16\/evita-peron-en-el-recuerdo-de-los-penarriblenses\/#primaryimage"},"thumbnailUrl":"https:\/\/xn--memoriademocraticadepearroyapueblonuevo-1yd.es\/wp-content\/uploads\/2022\/02\/f608x342-8018_37741_0.jpg","keywords":["Memoria Democr\u00e1tica","Memoria Democratica del Guadiato","Noticias"],"articleSection":["Memoria Democr\u00e1tica","Memoria Democratica del Guadiato","Noticias"],"inLanguage":"es","potentialAction":[{"@type":"CommentAction","name":"Comment","target":["https:\/\/xn--memoriademocraticadepearroyapueblonuevo-1yd.es\/index.php\/2022\/02\/16\/evita-peron-en-el-recuerdo-de-los-penarriblenses\/#respond"]}]},{"@type":"WebPage","@id":"https:\/\/xn--memoriademocraticadepearroyapueblonuevo-1yd.es\/index.php\/2022\/02\/16\/evita-peron-en-el-recuerdo-de-los-penarriblenses\/","url":"https:\/\/xn--memoriademocraticadepearroyapueblonuevo-1yd.es\/index.php\/2022\/02\/16\/evita-peron-en-el-recuerdo-de-los-penarriblenses\/","name":"Evita Per\u00f3n en el recuerdo de los pe\u00f1arriblenses","isPartOf":{"@id":"https:\/\/xn--memoriademocraticadepearroyapueblonuevo-1yd.es\/#website"},"primaryImageOfPage":{"@id":"https:\/\/xn--memoriademocraticadepearroyapueblonuevo-1yd.es\/index.php\/2022\/02\/16\/evita-peron-en-el-recuerdo-de-los-penarriblenses\/#primaryimage"},"image":{"@id":"https:\/\/xn--memoriademocraticadepearroyapueblonuevo-1yd.es\/index.php\/2022\/02\/16\/evita-peron-en-el-recuerdo-de-los-penarriblenses\/#primaryimage"},"thumbnailUrl":"https:\/\/xn--memoriademocraticadepearroyapueblonuevo-1yd.es\/wp-content\/uploads\/2022\/02\/f608x342-8018_37741_0.jpg","datePublished":"2022-02-16T09:47:38+00:00","dateModified":"2022-05-09T08:25:50+00:00","author":{"@id":"https:\/\/xn--memoriademocraticadepearroyapueblonuevo-1yd.es\/#\/schema\/person\/6b3171435f012d1dd11f8802ca2efb59"},"description":"La emisi\u00f3n por RTVE de la magn\u00edfica miniserie sobre la visita de nueve d\u00edas a laaislada, encastillada y aut\u00e1rquica Espa\u00f1a del Movimiento Nacional como partido \u00fanico,","breadcrumb":{"@id":"https:\/\/xn--memoriademocraticadepearroyapueblonuevo-1yd.es\/index.php\/2022\/02\/16\/evita-peron-en-el-recuerdo-de-los-penarriblenses\/#breadcrumb"},"inLanguage":"es","potentialAction":[{"@type":"ReadAction","target":["https:\/\/xn--memoriademocraticadepearroyapueblonuevo-1yd.es\/index.php\/2022\/02\/16\/evita-peron-en-el-recuerdo-de-los-penarriblenses\/"]}]},{"@type":"ImageObject","inLanguage":"es","@id":"https:\/\/xn--memoriademocraticadepearroyapueblonuevo-1yd.es\/index.php\/2022\/02\/16\/evita-peron-en-el-recuerdo-de-los-penarriblenses\/#primaryimage","url":"https:\/\/xn--memoriademocraticadepearroyapueblonuevo-1yd.es\/wp-content\/uploads\/2022\/02\/f608x342-8018_37741_0.jpg","contentUrl":"https:\/\/xn--memoriademocraticadepearroyapueblonuevo-1yd.es\/wp-content\/uploads\/2022\/02\/f608x342-8018_37741_0.jpg","width":608,"height":342},{"@type":"BreadcrumbList","@id":"https:\/\/xn--memoriademocraticadepearroyapueblonuevo-1yd.es\/index.php\/2022\/02\/16\/evita-peron-en-el-recuerdo-de-los-penarriblenses\/#breadcrumb","itemListElement":[{"@type":"ListItem","position":1,"name":"Portada","item":"https:\/\/xn--memoriademocraticadepearroyapueblonuevo-1yd.es\/"},{"@type":"ListItem","position":2,"name":"Evita Per\u00f3n en el recuerdo de los pe\u00f1arriblenses"}]},{"@type":"WebSite","@id":"https:\/\/xn--memoriademocraticadepearroyapueblonuevo-1yd.es\/#website","url":"https:\/\/xn--memoriademocraticadepearroyapueblonuevo-1yd.es\/","name":"Memoria democr&aacute;tica del Guadiato","description":"Memoria democr&aacute;tica del Guadiato","potentialAction":[{"@type":"SearchAction","target":{"@type":"EntryPoint","urlTemplate":"https:\/\/xn--memoriademocraticadepearroyapueblonuevo-1yd.es\/?s={search_term_string}"},"query-input":{"@type":"PropertyValueSpecification","valueRequired":true,"valueName":"search_term_string"}}],"inLanguage":"es"},{"@type":"Person","@id":"https:\/\/xn--memoriademocraticadepearroyapueblonuevo-1yd.es\/#\/schema\/person\/6b3171435f012d1dd11f8802ca2efb59","name":"admin","image":{"@type":"ImageObject","inLanguage":"es","@id":"https:\/\/secure.gravatar.com\/avatar\/40bff365fb13a637105976d970b2ec28d48204cfb513ca76a4ff31d222d10962?s=96&d=mm&r=g","url":"https:\/\/secure.gravatar.com\/avatar\/40bff365fb13a637105976d970b2ec28d48204cfb513ca76a4ff31d222d10962?s=96&d=mm&r=g","contentUrl":"https:\/\/secure.gravatar.com\/avatar\/40bff365fb13a637105976d970b2ec28d48204cfb513ca76a4ff31d222d10962?s=96&d=mm&r=g","caption":"admin"},"sameAs":["https:\/\/xn--memoriademocraticadepearroyapueblonuevo-1yd.es"],"url":"https:\/\/xn--memoriademocraticadepearroyapueblonuevo-1yd.es\/index.php\/author\/admin\/"}]}},"_links":{"self":[{"href":"https:\/\/xn--memoriademocraticadepearroyapueblonuevo-1yd.es\/index.php\/wp-json\/wp\/v2\/posts\/1214","targetHints":{"allow":["GET"]}}],"collection":[{"href":"https:\/\/xn--memoriademocraticadepearroyapueblonuevo-1yd.es\/index.php\/wp-json\/wp\/v2\/posts"}],"about":[{"href":"https:\/\/xn--memoriademocraticadepearroyapueblonuevo-1yd.es\/index.php\/wp-json\/wp\/v2\/types\/post"}],"author":[{"embeddable":true,"href":"https:\/\/xn--memoriademocraticadepearroyapueblonuevo-1yd.es\/index.php\/wp-json\/wp\/v2\/users\/1"}],"replies":[{"embeddable":true,"href":"https:\/\/xn--memoriademocraticadepearroyapueblonuevo-1yd.es\/index.php\/wp-json\/wp\/v2\/comments?post=1214"}],"version-history":[{"count":2,"href":"https:\/\/xn--memoriademocraticadepearroyapueblonuevo-1yd.es\/index.php\/wp-json\/wp\/v2\/posts\/1214\/revisions"}],"predecessor-version":[{"id":1579,"href":"https:\/\/xn--memoriademocraticadepearroyapueblonuevo-1yd.es\/index.php\/wp-json\/wp\/v2\/posts\/1214\/revisions\/1579"}],"wp:featuredmedia":[{"embeddable":true,"href":"https:\/\/xn--memoriademocraticadepearroyapueblonuevo-1yd.es\/index.php\/wp-json\/wp\/v2\/media\/1216"}],"wp:attachment":[{"href":"https:\/\/xn--memoriademocraticadepearroyapueblonuevo-1yd.es\/index.php\/wp-json\/wp\/v2\/media?parent=1214"}],"wp:term":[{"taxonomy":"category","embeddable":true,"href":"https:\/\/xn--memoriademocraticadepearroyapueblonuevo-1yd.es\/index.php\/wp-json\/wp\/v2\/categories?post=1214"},{"taxonomy":"post_tag","embeddable":true,"href":"https:\/\/xn--memoriademocraticadepearroyapueblonuevo-1yd.es\/index.php\/wp-json\/wp\/v2\/tags?post=1214"}],"curies":[{"name":"wp","href":"https:\/\/api.w.org\/{rel}","templated":true}]}}